
			
				

					
				

			
		{"items":"\n\t\t\t\t\t\t\t\t\t\t\t\t\t\t<link rel=\"stylesheet\" id=\"wd-post-types-mod-categories-style-bg-css\" href=\"https:\/\/www.niikiis.com\/wp-content\/themes\/woodmart\/css\/parts\/post-types-mod-categories-style-bg.min.css?ver=8.3.3\" type=\"text\/css\" media=\"all\" \/> \t\t\t\n<article id=\"post-12818\" class=\"wd-post blog-design-default-alt blog-post-loop blog-style-flat wd-col post-12818 post type-post status-publish format-standard has-post-thumbnail hentry category-podcast\">\n\t<div class=\"wd-post-inner article-inner\">\n\t\t\t\t\t<div class=\"wd-post-cat wd-style-with-bg meta-post-categories\">\n\t\t\t\t<a href=\"https:\/\/www.niikiis.com\/blog\/category\/podcast\/\" rel=\"category tag\">Podcasts con Expertos<\/a>\t\t\t<\/div>\n\t\t\n\t\t\t\t\t<h3 class=\"wd-post-title wd-entities-title title post-title\">\n\t\t\t\t<a href=\"https:\/\/www.niikiis.com\/blog\/plan-de-bienestar-como-crearlo\/\" rel=\"bookmark\">#Podcast: Plan de bienestar en la empresa: C\u00f3mo crearlo<\/a>\n\t\t\t<\/h3>\n\t\t\n\t\t\t\t\t<div class=\"wd-post-meta\">\n\t\t\t\t\t\t\t\t\t\t\t<link rel=\"stylesheet\" id=\"wd-blog-mod-author-css\" href=\"https:\/\/www.niikiis.com\/wp-content\/themes\/woodmart\/css\/parts\/blog-mod-author.min.css?ver=8.3.3\" type=\"text\/css\" media=\"all\" \/> \t\t\t\t\t\t\t<div class=\"wd-post-author\">\n\t\t\t\t\t\t\t\t\t\t<span>Posted by<\/span>\n\t\t\n\t\t\t\t\t<img alt='author-avatar' src='https:\/\/secure.gravatar.com\/avatar\/7961fb26fec9435a0f78a8ceb4aeae5dbc0f111ade6f4918faa0315cba57e134?s=18&#038;d=mm&#038;r=g' srcset='https:\/\/secure.gravatar.com\/avatar\/7961fb26fec9435a0f78a8ceb4aeae5dbc0f111ade6f4918faa0315cba57e134?s=36&#038;d=mm&#038;r=g 2x' class='avatar avatar-18 photo' height='18' width='18' decoding='async'\/>\t\t\n\t\t\t\t\t<a href=\"https:\/\/www.niikiis.com\/blog\/author\/adminniikiis\/\" class=\"author\" rel=\"author\">Equipo niikiis<\/a>\n\t\t\t\t\t\t\t\t<\/div>\n\t\t\t\t<div class=\"wd-modified-date\">\n\t\t\t\t\t\t\t<time class=\"updated\" datetime=\"2022-09-08T08:08:57+00:00\">\n\t\t\t8 septiembre 2022\t\t<\/time>\n\t\t\t\t\t\t<\/div>\n\n\t\t\t\t\t\t\t<\/div>\n\t\t\n\t\t\t\t\t<div class=\"wd-post-thumb entry-header\">\n\t\t\t\t\t\t\t\t\t<div class=\"wd-post-img post-img-wrapp\">\n\t\t\t\t\t\t<img width=\"560\" height=\"315\" src=\"https:\/\/www.niikiis.com\/wp-content\/uploads\/2022\/06\/Podcast-Daiana-Claveira-Plan-de-bienestar-en-la-empresa.jpg\" class=\"attachment-large size-large\" alt=\"Podcast Daiana Claveira Plan de bienestar en la empresa niikiis pymes\" decoding=\"async\" fetchpriority=\"high\" srcset=\"https:\/\/www.niikiis.com\/wp-content\/uploads\/2022\/06\/Podcast-Daiana-Claveira-Plan-de-bienestar-en-la-empresa.jpg 560w, https:\/\/www.niikiis.com\/wp-content\/uploads\/2022\/06\/Podcast-Daiana-Claveira-Plan-de-bienestar-en-la-empresa-300x169.jpg 300w\" sizes=\"(max-width: 560px) 100vw, 560px\" \/>\t\t\t\t\t<\/div>\n\t\t\t\t\t\t\t\t\t\t<a class=\"wd-fill\" tabindex=\"-1\" href=\"https:\/\/www.niikiis.com\/blog\/plan-de-bienestar-como-crearlo\/\" aria-label=\"Link on post #Podcast: Plan de bienestar en la empresa: C\u00f3mo crearlo\"><\/a>\n\t\t\t\t\t\t\t\t\t\t\t\t\t\t\t\t<link rel=\"stylesheet\" id=\"wd-post-types-mod-date-style-bg-css\" href=\"https:\/\/www.niikiis.com\/wp-content\/themes\/woodmart\/css\/parts\/post-types-mod-date-style-bg.min.css?ver=8.3.3\" type=\"text\/css\" media=\"all\" \/> \t\t\t\t\t\t<div class=\"wd-post-date wd-style-with-bg\">\n\t\t\t\t<span class=\"post-date-day\">\n\t\t\t\t\t07\t\t\t\t<\/span>\n\t\t\t\t<span class=\"post-date-month\">\n\t\t\t\t\tJun\t\t\t\t<\/span>\n\t\t\t<\/div>\n\t\t\t\t\t\t\t\t\t<\/div>\n\t\t\n\t\t<div class=\"wd-post-content article-body-container\">\n\t\t\t\t\t\t\t\t\t\t\t\t<div class=\"wd-post-excerpt entry-content\">\n\t\t\t\t\t\tEn este episodio: Mireia Cuy\u00e0s, fundadora y CGO de niikiis, lider\u00f3 la entrevista a Daiana Claveira, confundadora de Just Wellness. En la entrevista se habl\u00f3 de la importancia de implementar un plan de bienestar en las PYMEs, qu\u00e9 beneficios trae y por d\u00f3nde comenzar.\t\t\t\t\t<\/div>\n\t\t\t\t\n\t\t\t\t\t\t\t\t\t\t\t\t\t\t<div class=\"wd-post-read-more wd-style-link read-more-section\">\n\t\t\t\t\t\t<a class=\"\" href=\"https:\/\/www.niikiis.com\/blog\/plan-de-bienestar-como-crearlo\/\">Continue reading<\/a>\t\t\t\t\t<\/div>\n\t\t\t\t\t\t\t\t\t\t\t\n\t\t\t\t\t\t\t<div class=\"wd-share-with-lines\">\n\t\t\t\t\t<span><\/span>\n\t\t\t\t\t\t\t\t\t\t\t\t\t\t<link rel=\"stylesheet\" id=\"wd-social-icons-css\" href=\"https:\/\/www.niikiis.com\/wp-content\/themes\/woodmart\/css\/parts\/el-social-icons.min.css?ver=8.3.3\" type=\"text\/css\" media=\"all\" \/> \t\t\t\t\t\t<link rel=\"stylesheet\" id=\"wd-social-icons-styles-css\" href=\"https:\/\/www.niikiis.com\/wp-content\/themes\/woodmart\/css\/parts\/el-social-styles.min.css?ver=8.3.3\" type=\"text\/css\" media=\"all\" \/> \t\t\t\t\t\t<div\n\t\t\t\t\t\tclass=\" wd-social-icons  wd-style-bordered wd-size-small social-share wd-shape-circle text-center\">\n\t\t\t\t\n\t\t\t\t\n\t\t\t\t\t\t\t\t\t<a rel=\"noopener noreferrer nofollow\" href=\"https:\/\/www.facebook.com\/sharer\/sharer.php?u=https:\/\/www.niikiis.com\/blog\/plan-de-bienestar-como-crearlo\/\" target=\"_blank\" class=\" wd-social-icon social-facebook\" aria-label=\"Facebook social link\">\n\t\t\t\t\t\t<span class=\"wd-icon\"><\/span>\n\t\t\t\t\t\t\t\t\t\t\t<\/a>\n\t\t\t\t\n\t\t\t\t\t\t\t\t\t<a rel=\"noopener noreferrer nofollow\" href=\"https:\/\/x.com\/share?url=https:\/\/www.niikiis.com\/blog\/plan-de-bienestar-como-crearlo\/\" target=\"_blank\" class=\" wd-social-icon social-twitter\" aria-label=\"X social link\">\n\t\t\t\t\t\t<span class=\"wd-icon\"><\/span>\n\t\t\t\t\t\t\t\t\t\t\t<\/a>\n\t\t\t\t\n\t\t\t\t\n\t\t\t\t\n\t\t\t\t\n\t\t\t\t\n\t\t\t\t\n\t\t\t\t\t\t\t\t\t<a rel=\"noopener noreferrer nofollow\" href=\"https:\/\/pinterest.com\/pin\/create\/button\/?url=https:\/\/www.niikiis.com\/blog\/plan-de-bienestar-como-crearlo\/&media=https:\/\/www.niikiis.com\/wp-content\/uploads\/2022\/06\/Podcast-Daiana-Claveira-Plan-de-bienestar-en-la-empresa.jpg&description=%23Podcast%3A+Plan+de+bienestar+en+la+empresa%3A+C%C3%B3mo+crearlo\" target=\"_blank\" class=\" wd-social-icon social-pinterest\" aria-label=\"Pinterest social link\">\n\t\t\t\t\t\t<span class=\"wd-icon\"><\/span>\n\t\t\t\t\t\t\t\t\t\t\t<\/a>\n\t\t\t\t\n\t\t\t\t\n\t\t\t\t\t\t\t\t\t<a rel=\"noopener noreferrer nofollow\" href=\"https:\/\/www.linkedin.com\/shareArticle?mini=true&url=https:\/\/www.niikiis.com\/blog\/plan-de-bienestar-como-crearlo\/\" target=\"_blank\" class=\" wd-social-icon social-linkedin\" aria-label=\"Linkedin social link\">\n\t\t\t\t\t\t<span class=\"wd-icon\"><\/span>\n\t\t\t\t\t\t\t\t\t\t\t<\/a>\n\t\t\t\t\n\t\t\t\t\n\t\t\t\t\n\t\t\t\t\n\t\t\t\t\n\t\t\t\t\n\t\t\t\t\n\t\t\t\t\n\t\t\t\t\n\t\t\t\t\n\t\t\t\t\n\t\t\t\t\n\t\t\t\t\n\t\t\t\t\n\t\t\t\t\n\t\t\t\t\t\t\t\t\t<a rel=\"noopener noreferrer nofollow\" href=\"https:\/\/telegram.me\/share\/url?url=https:\/\/www.niikiis.com\/blog\/plan-de-bienestar-como-crearlo\/\" target=\"_blank\" class=\" wd-social-icon social-tg\" aria-label=\"Telegram social link\">\n\t\t\t\t\t\t<span class=\"wd-icon\"><\/span>\n\t\t\t\t\t\t\t\t\t\t\t<\/a>\n\t\t\t\t\n\t\t\t\t\n\t\t\t<\/div>\n\n\t\t\t\t\t\t\t\t\t\t\t\t<span><\/span>\n\t\t\t\t<\/div>\n\t\t\t\t\t<\/div>\n\t<\/div>\n<\/article>\n\n\n\t\t\t\t\t\t\t\t\t\t\t\n<article id=\"post-12800\" class=\"wd-post blog-design-default-alt blog-post-loop blog-style-flat wd-col post-12800 post type-post status-publish format-standard has-post-thumbnail hentry category-podcast\">\n\t<div class=\"wd-post-inner article-inner\">\n\t\t\t\t\t<div class=\"wd-post-cat wd-style-with-bg meta-post-categories\">\n\t\t\t\t<a href=\"https:\/\/www.niikiis.com\/blog\/category\/podcast\/\" rel=\"category tag\">Podcasts con Expertos<\/a>\t\t\t<\/div>\n\t\t\n\t\t\t\t\t<h3 class=\"wd-post-title wd-entities-title title post-title\">\n\t\t\t\t<a href=\"https:\/\/www.niikiis.com\/blog\/transformacion-agil-y-digital\/\" rel=\"bookmark\">#Podcast: Transformaci\u00f3n \u00e1gil y digital en el sector hotelero<\/a>\n\t\t\t<\/h3>\n\t\t\n\t\t\t\t\t<div class=\"wd-post-meta\">\n\t\t\t\t\t\t\t\t\t\t\t\t<div class=\"wd-post-author\">\n\t\t\t\t\t\t\t\t\t\t<span>Posted by<\/span>\n\t\t\n\t\t\t\t\t<img alt='author-avatar' src='https:\/\/secure.gravatar.com\/avatar\/7961fb26fec9435a0f78a8ceb4aeae5dbc0f111ade6f4918faa0315cba57e134?s=18&#038;d=mm&#038;r=g' srcset='https:\/\/secure.gravatar.com\/avatar\/7961fb26fec9435a0f78a8ceb4aeae5dbc0f111ade6f4918faa0315cba57e134?s=36&#038;d=mm&#038;r=g 2x' class='avatar avatar-18 photo' height='18' width='18' decoding='async'\/>\t\t\n\t\t\t\t\t<a href=\"https:\/\/www.niikiis.com\/blog\/author\/adminniikiis\/\" class=\"author\" rel=\"author\">Equipo niikiis<\/a>\n\t\t\t\t\t\t\t\t<\/div>\n\t\t\t\t<div class=\"wd-modified-date\">\n\t\t\t\t\t\t\t<time class=\"updated\" datetime=\"2022-09-08T08:09:29+00:00\">\n\t\t\t8 septiembre 2022\t\t<\/time>\n\t\t\t\t\t\t<\/div>\n\n\t\t\t\t\t\t\t<\/div>\n\t\t\n\t\t\t\t\t<div class=\"wd-post-thumb entry-header\">\n\t\t\t\t\t\t\t\t\t<div class=\"wd-post-img post-img-wrapp\">\n\t\t\t\t\t\t<img width=\"560\" height=\"315\" src=\"https:\/\/www.niikiis.com\/wp-content\/uploads\/2022\/05\/Blog-cover-45.png\" class=\"attachment-large size-large\" alt=\"Guillermo en niikiis\" decoding=\"async\" loading=\"lazy\" srcset=\"https:\/\/www.niikiis.com\/wp-content\/uploads\/2022\/05\/Blog-cover-45.png 560w, https:\/\/www.niikiis.com\/wp-content\/uploads\/2022\/05\/Blog-cover-45-300x169.png 300w\" sizes=\"auto, (max-width: 560px) 100vw, 560px\" \/>\t\t\t\t\t<\/div>\n\t\t\t\t\t\t\t\t\t\t<a class=\"wd-fill\" tabindex=\"-1\" href=\"https:\/\/www.niikiis.com\/blog\/transformacion-agil-y-digital\/\" aria-label=\"Link on post #Podcast: Transformaci\u00f3n \u00e1gil y digital en el sector hotelero\"><\/a>\n\t\t\t\t\t\t\t\t\t\t\t\t\t\t\t\t<div class=\"wd-post-date wd-style-with-bg\">\n\t\t\t\t<span class=\"post-date-day\">\n\t\t\t\t\t27\t\t\t\t<\/span>\n\t\t\t\t<span class=\"post-date-month\">\n\t\t\t\t\tMay\t\t\t\t<\/span>\n\t\t\t<\/div>\n\t\t\t\t\t\t\t\t\t<\/div>\n\t\t\n\t\t<div class=\"wd-post-content article-body-container\">\n\t\t\t\t\t\t\t\t\t\t\t\t<div class=\"wd-post-excerpt entry-content\">\n\t\t\t\t\t\tEn este episodio: Mireia Cuy\u00e0s, fundadora y CGO de niikiis, lider\u00f3 la entrevista a\u00a0Guillermo Rademakers, referente en el \u00e1mbito de la retribuci\u00f3n al mismo tiempo que desde la perspectiva de los retos y oportunidades que puedan encontrarse en sector hotelero. En la entrevista hablamos sobre la transformaci\u00f3n \u00e1gil y digital...\t\t\t\t\t<\/div>\n\t\t\t\t\n\t\t\t\t\t\t\t\t\t\t\t\t\t\t<div class=\"wd-post-read-more wd-style-link read-more-section\">\n\t\t\t\t\t\t<a class=\"\" href=\"https:\/\/www.niikiis.com\/blog\/transformacion-agil-y-digital\/\">Continue reading<\/a>\t\t\t\t\t<\/div>\n\t\t\t\t\t\t\t\t\t\t\t\n\t\t\t\t\t\t\t<div class=\"wd-share-with-lines\">\n\t\t\t\t\t<span><\/span>\n\t\t\t\t\t\t\t\t\t\t\t\t\t\t<div\n\t\t\t\t\t\tclass=\" wd-social-icons  wd-style-bordered wd-size-small social-share wd-shape-circle text-center\">\n\t\t\t\t\n\t\t\t\t\n\t\t\t\t\t\t\t\t\t<a rel=\"noopener noreferrer nofollow\" href=\"https:\/\/www.facebook.com\/sharer\/sharer.php?u=https:\/\/www.niikiis.com\/blog\/transformacion-agil-y-digital\/\" target=\"_blank\" class=\" wd-social-icon social-facebook\" aria-label=\"Facebook social link\">\n\t\t\t\t\t\t<span class=\"wd-icon\"><\/span>\n\t\t\t\t\t\t\t\t\t\t\t<\/a>\n\t\t\t\t\n\t\t\t\t\t\t\t\t\t<a rel=\"noopener noreferrer nofollow\" href=\"https:\/\/x.com\/share?url=https:\/\/www.niikiis.com\/blog\/transformacion-agil-y-digital\/\" target=\"_blank\" class=\" wd-social-icon social-twitter\" aria-label=\"X social link\">\n\t\t\t\t\t\t<span class=\"wd-icon\"><\/span>\n\t\t\t\t\t\t\t\t\t\t\t<\/a>\n\t\t\t\t\n\t\t\t\t\n\t\t\t\t\n\t\t\t\t\n\t\t\t\t\n\t\t\t\t\n\t\t\t\t\t\t\t\t\t<a rel=\"noopener noreferrer nofollow\" href=\"https:\/\/pinterest.com\/pin\/create\/button\/?url=https:\/\/www.niikiis.com\/blog\/transformacion-agil-y-digital\/&media=https:\/\/www.niikiis.com\/wp-content\/uploads\/2022\/05\/Blog-cover-45.png&description=%23Podcast%3A+Transformaci%C3%B3n+%C3%A1gil+y+digital+en+el+sector+hotelero\" target=\"_blank\" class=\" wd-social-icon social-pinterest\" aria-label=\"Pinterest social link\">\n\t\t\t\t\t\t<span class=\"wd-icon\"><\/span>\n\t\t\t\t\t\t\t\t\t\t\t<\/a>\n\t\t\t\t\n\t\t\t\t\n\t\t\t\t\t\t\t\t\t<a rel=\"noopener noreferrer nofollow\" href=\"https:\/\/www.linkedin.com\/shareArticle?mini=true&url=https:\/\/www.niikiis.com\/blog\/transformacion-agil-y-digital\/\" target=\"_blank\" class=\" wd-social-icon social-linkedin\" aria-label=\"Linkedin social link\">\n\t\t\t\t\t\t<span class=\"wd-icon\"><\/span>\n\t\t\t\t\t\t\t\t\t\t\t<\/a>\n\t\t\t\t\n\t\t\t\t\n\t\t\t\t\n\t\t\t\t\n\t\t\t\t\n\t\t\t\t\n\t\t\t\t\n\t\t\t\t\n\t\t\t\t\n\t\t\t\t\n\t\t\t\t\n\t\t\t\t\n\t\t\t\t\n\t\t\t\t\n\t\t\t\t\n\t\t\t\t\t\t\t\t\t<a rel=\"noopener noreferrer nofollow\" href=\"https:\/\/telegram.me\/share\/url?url=https:\/\/www.niikiis.com\/blog\/transformacion-agil-y-digital\/\" target=\"_blank\" class=\" wd-social-icon social-tg\" aria-label=\"Telegram social link\">\n\t\t\t\t\t\t<span class=\"wd-icon\"><\/span>\n\t\t\t\t\t\t\t\t\t\t\t<\/a>\n\t\t\t\t\n\t\t\t\t\n\t\t\t<\/div>\n\n\t\t\t\t\t\t\t\t\t\t\t\t<span><\/span>\n\t\t\t\t<\/div>\n\t\t\t\t\t<\/div>\n\t<\/div>\n<\/article>\n\n\n\t\t\t\t\t\t\t\t\t\t\t\n<article id=\"post-12737\" class=\"wd-post blog-design-default-alt blog-post-loop blog-style-flat wd-col post-12737 post type-post status-publish format-standard has-post-thumbnail hentry category-podcast\">\n\t<div class=\"wd-post-inner article-inner\">\n\t\t\t\t\t<div class=\"wd-post-cat wd-style-with-bg meta-post-categories\">\n\t\t\t\t<a href=\"https:\/\/www.niikiis.com\/blog\/category\/podcast\/\" rel=\"category tag\">Podcasts con Expertos<\/a>\t\t\t<\/div>\n\t\t\n\t\t\t\t\t<h3 class=\"wd-post-title wd-entities-title title post-title\">\n\t\t\t\t<a href=\"https:\/\/www.niikiis.com\/blog\/gestion-documental-retos-enfrentas\/\" rel=\"bookmark\">#Podcast: Gesti\u00f3n documental: \u00bfA qu\u00e9 retos te enfrentas?<\/a>\n\t\t\t<\/h3>\n\t\t\n\t\t\t\t\t<div class=\"wd-post-meta\">\n\t\t\t\t\t\t\t\t\t\t\t\t<div class=\"wd-post-author\">\n\t\t\t\t\t\t\t\t\t\t<span>Posted by<\/span>\n\t\t\n\t\t\t\t\t<img alt='author-avatar' src='https:\/\/secure.gravatar.com\/avatar\/7961fb26fec9435a0f78a8ceb4aeae5dbc0f111ade6f4918faa0315cba57e134?s=18&#038;d=mm&#038;r=g' srcset='https:\/\/secure.gravatar.com\/avatar\/7961fb26fec9435a0f78a8ceb4aeae5dbc0f111ade6f4918faa0315cba57e134?s=36&#038;d=mm&#038;r=g 2x' class='avatar avatar-18 photo' height='18' width='18' loading='lazy' decoding='async'\/>\t\t\n\t\t\t\t\t<a href=\"https:\/\/www.niikiis.com\/blog\/author\/adminniikiis\/\" class=\"author\" rel=\"author\">Equipo niikiis<\/a>\n\t\t\t\t\t\t\t\t<\/div>\n\t\t\t\t<div class=\"wd-modified-date\">\n\t\t\t\t\t\t\t<time class=\"updated\" datetime=\"2022-09-08T08:09:35+00:00\">\n\t\t\t8 septiembre 2022\t\t<\/time>\n\t\t\t\t\t\t<\/div>\n\n\t\t\t\t\t\t\t<\/div>\n\t\t\n\t\t\t\t\t<div class=\"wd-post-thumb entry-header\">\n\t\t\t\t\t\t\t\t\t<div class=\"wd-post-img post-img-wrapp\">\n\t\t\t\t\t\t<img width=\"560\" height=\"315\" src=\"https:\/\/www.niikiis.com\/wp-content\/uploads\/2022\/05\/Blog-cover-43.png\" class=\"attachment-large size-large\" alt=\"Ada Colomer Torrent en niikiis\" decoding=\"async\" loading=\"lazy\" srcset=\"https:\/\/www.niikiis.com\/wp-content\/uploads\/2022\/05\/Blog-cover-43.png 560w, https:\/\/www.niikiis.com\/wp-content\/uploads\/2022\/05\/Blog-cover-43-300x169.png 300w\" sizes=\"auto, (max-width: 560px) 100vw, 560px\" \/>\t\t\t\t\t<\/div>\n\t\t\t\t\t\t\t\t\t\t<a class=\"wd-fill\" tabindex=\"-1\" href=\"https:\/\/www.niikiis.com\/blog\/gestion-documental-retos-enfrentas\/\" aria-label=\"Link on post #Podcast: Gesti\u00f3n documental: \u00bfA qu\u00e9 retos te enfrentas?\"><\/a>\n\t\t\t\t\t\t\t\t\t\t\t\t\t\t\t\t<div class=\"wd-post-date wd-style-with-bg\">\n\t\t\t\t<span class=\"post-date-day\">\n\t\t\t\t\t27\t\t\t\t<\/span>\n\t\t\t\t<span class=\"post-date-month\">\n\t\t\t\t\tMay\t\t\t\t<\/span>\n\t\t\t<\/div>\n\t\t\t\t\t\t\t\t\t<\/div>\n\t\t\n\t\t<div class=\"wd-post-content article-body-container\">\n\t\t\t\t\t\t\t\t\t\t\t\t<div class=\"wd-post-excerpt entry-content\">\n\t\t\t\t\t\tEn este episodio: Mireia Cuy\u00e0s, fundadora y CGO de niikiis, lider\u00f3 la entrevista a Ada Colomer: consultora y formadora especialista en la gesti\u00f3n de informaci\u00f3n, documentaci\u00f3n, y conocimiento; y transformaci\u00f3n digital. En la entrevista hablamos sobre los retos a los que se enfrenta una PYME en gesti\u00f3n documental.\t\t\t\t\t<\/div>\n\t\t\t\t\n\t\t\t\t\t\t\t\t\t\t\t\t\t\t<div class=\"wd-post-read-more wd-style-link read-more-section\">\n\t\t\t\t\t\t<a class=\"\" href=\"https:\/\/www.niikiis.com\/blog\/gestion-documental-retos-enfrentas\/\">Continue reading<\/a>\t\t\t\t\t<\/div>\n\t\t\t\t\t\t\t\t\t\t\t\n\t\t\t\t\t\t\t<div class=\"wd-share-with-lines\">\n\t\t\t\t\t<span><\/span>\n\t\t\t\t\t\t\t\t\t\t\t\t\t\t<div\n\t\t\t\t\t\tclass=\" wd-social-icons  wd-style-bordered wd-size-small social-share wd-shape-circle text-center\">\n\t\t\t\t\n\t\t\t\t\n\t\t\t\t\t\t\t\t\t<a rel=\"noopener noreferrer nofollow\" href=\"https:\/\/www.facebook.com\/sharer\/sharer.php?u=https:\/\/www.niikiis.com\/blog\/gestion-documental-retos-enfrentas\/\" target=\"_blank\" class=\" wd-social-icon social-facebook\" aria-label=\"Facebook social link\">\n\t\t\t\t\t\t<span class=\"wd-icon\"><\/span>\n\t\t\t\t\t\t\t\t\t\t\t<\/a>\n\t\t\t\t\n\t\t\t\t\t\t\t\t\t<a rel=\"noopener noreferrer nofollow\" href=\"https:\/\/x.com\/share?url=https:\/\/www.niikiis.com\/blog\/gestion-documental-retos-enfrentas\/\" target=\"_blank\" class=\" wd-social-icon social-twitter\" aria-label=\"X social link\">\n\t\t\t\t\t\t<span class=\"wd-icon\"><\/span>\n\t\t\t\t\t\t\t\t\t\t\t<\/a>\n\t\t\t\t\n\t\t\t\t\n\t\t\t\t\n\t\t\t\t\n\t\t\t\t\n\t\t\t\t\n\t\t\t\t\t\t\t\t\t<a rel=\"noopener noreferrer nofollow\" href=\"https:\/\/pinterest.com\/pin\/create\/button\/?url=https:\/\/www.niikiis.com\/blog\/gestion-documental-retos-enfrentas\/&media=https:\/\/www.niikiis.com\/wp-content\/uploads\/2022\/05\/Blog-cover-43.png&description=%23Podcast%3A+Gesti%C3%B3n+documental%3A+%C2%BFA+qu%C3%A9+retos+te+enfrentas%3F\" target=\"_blank\" class=\" wd-social-icon social-pinterest\" aria-label=\"Pinterest social link\">\n\t\t\t\t\t\t<span class=\"wd-icon\"><\/span>\n\t\t\t\t\t\t\t\t\t\t\t<\/a>\n\t\t\t\t\n\t\t\t\t\n\t\t\t\t\t\t\t\t\t<a rel=\"noopener noreferrer nofollow\" href=\"https:\/\/www.linkedin.com\/shareArticle?mini=true&url=https:\/\/www.niikiis.com\/blog\/gestion-documental-retos-enfrentas\/\" target=\"_blank\" class=\" wd-social-icon social-linkedin\" aria-label=\"Linkedin social link\">\n\t\t\t\t\t\t<span class=\"wd-icon\"><\/span>\n\t\t\t\t\t\t\t\t\t\t\t<\/a>\n\t\t\t\t\n\t\t\t\t\n\t\t\t\t\n\t\t\t\t\n\t\t\t\t\n\t\t\t\t\n\t\t\t\t\n\t\t\t\t\n\t\t\t\t\n\t\t\t\t\n\t\t\t\t\n\t\t\t\t\n\t\t\t\t\n\t\t\t\t\n\t\t\t\t\n\t\t\t\t\t\t\t\t\t<a rel=\"noopener noreferrer nofollow\" href=\"https:\/\/telegram.me\/share\/url?url=https:\/\/www.niikiis.com\/blog\/gestion-documental-retos-enfrentas\/\" target=\"_blank\" class=\" wd-social-icon social-tg\" aria-label=\"Telegram social link\">\n\t\t\t\t\t\t<span class=\"wd-icon\"><\/span>\n\t\t\t\t\t\t\t\t\t\t\t<\/a>\n\t\t\t\t\n\t\t\t\t\n\t\t\t<\/div>\n\n\t\t\t\t\t\t\t\t\t\t\t\t<span><\/span>\n\t\t\t\t<\/div>\n\t\t\t\t\t<\/div>\n\t<\/div>\n<\/article>\n\n\n\t\t\t\t\t\t\t\t\t\t\t\n<article id=\"post-12719\" class=\"wd-post blog-design-default-alt blog-post-loop blog-style-flat wd-col post-12719 post type-post status-publish format-standard has-post-thumbnail hentry category-podcast\">\n\t<div class=\"wd-post-inner article-inner\">\n\t\t\t\t\t<div class=\"wd-post-cat wd-style-with-bg meta-post-categories\">\n\t\t\t\t<a href=\"https:\/\/www.niikiis.com\/blog\/category\/podcast\/\" rel=\"category tag\">Podcasts con Expertos<\/a>\t\t\t<\/div>\n\t\t\n\t\t\t\t\t<h3 class=\"wd-post-title wd-entities-title title post-title\">\n\t\t\t\t<a href=\"https:\/\/www.niikiis.com\/blog\/liderazgo-inclusivo-que-es-y-como-implementarlo-2\/\" rel=\"bookmark\">#Podcast: Liderazgo inclusivo: qu\u00e9 es y c\u00f3mo implementarlo<\/a>\n\t\t\t<\/h3>\n\t\t\n\t\t\t\t\t<div class=\"wd-post-meta\">\n\t\t\t\t\t\t\t\t\t\t\t\t<div class=\"wd-post-author\">\n\t\t\t\t\t\t\t\t\t\t<span>Posted by<\/span>\n\t\t\n\t\t\t\t\t<img alt='author-avatar' src='https:\/\/secure.gravatar.com\/avatar\/7961fb26fec9435a0f78a8ceb4aeae5dbc0f111ade6f4918faa0315cba57e134?s=18&#038;d=mm&#038;r=g' srcset='https:\/\/secure.gravatar.com\/avatar\/7961fb26fec9435a0f78a8ceb4aeae5dbc0f111ade6f4918faa0315cba57e134?s=36&#038;d=mm&#038;r=g 2x' class='avatar avatar-18 photo' height='18' width='18' loading='lazy' decoding='async'\/>\t\t\n\t\t\t\t\t<a href=\"https:\/\/www.niikiis.com\/blog\/author\/adminniikiis\/\" class=\"author\" rel=\"author\">Equipo niikiis<\/a>\n\t\t\t\t\t\t\t\t<\/div>\n\t\t\t\t<div class=\"wd-modified-date\">\n\t\t\t\t\t\t\t<time class=\"updated\" datetime=\"2022-09-08T08:09:41+00:00\">\n\t\t\t8 septiembre 2022\t\t<\/time>\n\t\t\t\t\t\t<\/div>\n\n\t\t\t\t\t\t\t<\/div>\n\t\t\n\t\t\t\t\t<div class=\"wd-post-thumb entry-header\">\n\t\t\t\t\t\t\t\t\t<div class=\"wd-post-img post-img-wrapp\">\n\t\t\t\t\t\t<img width=\"560\" height=\"315\" src=\"https:\/\/www.niikiis.com\/wp-content\/uploads\/2022\/04\/Blog-cover-33.png\" class=\"attachment-large size-large\" alt=\"Julio Arnas en niikiis\" decoding=\"async\" loading=\"lazy\" srcset=\"https:\/\/www.niikiis.com\/wp-content\/uploads\/2022\/04\/Blog-cover-33.png 560w, https:\/\/www.niikiis.com\/wp-content\/uploads\/2022\/04\/Blog-cover-33-300x169.png 300w\" sizes=\"auto, (max-width: 560px) 100vw, 560px\" \/>\t\t\t\t\t<\/div>\n\t\t\t\t\t\t\t\t\t\t<a class=\"wd-fill\" tabindex=\"-1\" href=\"https:\/\/www.niikiis.com\/blog\/liderazgo-inclusivo-que-es-y-como-implementarlo-2\/\" aria-label=\"Link on post #Podcast: Liderazgo inclusivo: qu\u00e9 es y c\u00f3mo implementarlo\"><\/a>\n\t\t\t\t\t\t\t\t\t\t\t\t\t\t\t\t<div class=\"wd-post-date wd-style-with-bg\">\n\t\t\t\t<span class=\"post-date-day\">\n\t\t\t\t\t13\t\t\t\t<\/span>\n\t\t\t\t<span class=\"post-date-month\">\n\t\t\t\t\tAbr\t\t\t\t<\/span>\n\t\t\t<\/div>\n\t\t\t\t\t\t\t\t\t<\/div>\n\t\t\n\t\t<div class=\"wd-post-content article-body-container\">\n\t\t\t\t\t\t\t\t\t\t\t\t<div class=\"wd-post-excerpt entry-content\">\n\t\t\t\t\t\tEn este episodio: Mireia Cuy\u00e0s, fundadora y CGO de niikiis, lider\u00f3 la entrevista a Julio Arnas: formador a empresas y especialista en diversidad e inclusi\u00f3n. En la entrevista hablamos de c\u00f3mo implementar una cultura de liderazgo inclusivo.\t\t\t\t\t<\/div>\n\t\t\t\t\n\t\t\t\t\t\t\t\t\t\t\t\t\t\t<div class=\"wd-post-read-more wd-style-link read-more-section\">\n\t\t\t\t\t\t<a class=\"\" href=\"https:\/\/www.niikiis.com\/blog\/liderazgo-inclusivo-que-es-y-como-implementarlo-2\/\">Continue reading<\/a>\t\t\t\t\t<\/div>\n\t\t\t\t\t\t\t\t\t\t\t\n\t\t\t\t\t\t\t<div class=\"wd-share-with-lines\">\n\t\t\t\t\t<span><\/span>\n\t\t\t\t\t\t\t\t\t\t\t\t\t\t<div\n\t\t\t\t\t\tclass=\" wd-social-icons  wd-style-bordered wd-size-small social-share wd-shape-circle text-center\">\n\t\t\t\t\n\t\t\t\t\n\t\t\t\t\t\t\t\t\t<a rel=\"noopener noreferrer nofollow\" href=\"https:\/\/www.facebook.com\/sharer\/sharer.php?u=https:\/\/www.niikiis.com\/blog\/liderazgo-inclusivo-que-es-y-como-implementarlo-2\/\" target=\"_blank\" class=\" wd-social-icon social-facebook\" aria-label=\"Facebook social link\">\n\t\t\t\t\t\t<span class=\"wd-icon\"><\/span>\n\t\t\t\t\t\t\t\t\t\t\t<\/a>\n\t\t\t\t\n\t\t\t\t\t\t\t\t\t<a rel=\"noopener noreferrer nofollow\" href=\"https:\/\/x.com\/share?url=https:\/\/www.niikiis.com\/blog\/liderazgo-inclusivo-que-es-y-como-implementarlo-2\/\" target=\"_blank\" class=\" wd-social-icon social-twitter\" aria-label=\"X social link\">\n\t\t\t\t\t\t<span class=\"wd-icon\"><\/span>\n\t\t\t\t\t\t\t\t\t\t\t<\/a>\n\t\t\t\t\n\t\t\t\t\n\t\t\t\t\n\t\t\t\t\n\t\t\t\t\n\t\t\t\t\n\t\t\t\t\t\t\t\t\t<a rel=\"noopener noreferrer nofollow\" href=\"https:\/\/pinterest.com\/pin\/create\/button\/?url=https:\/\/www.niikiis.com\/blog\/liderazgo-inclusivo-que-es-y-como-implementarlo-2\/&media=https:\/\/www.niikiis.com\/wp-content\/uploads\/2022\/04\/Blog-cover-33.png&description=%23Podcast%3A+Liderazgo+inclusivo%3A+qu%C3%A9+es+y+c%C3%B3mo+implementarlo\" target=\"_blank\" class=\" wd-social-icon social-pinterest\" aria-label=\"Pinterest social link\">\n\t\t\t\t\t\t<span class=\"wd-icon\"><\/span>\n\t\t\t\t\t\t\t\t\t\t\t<\/a>\n\t\t\t\t\n\t\t\t\t\n\t\t\t\t\t\t\t\t\t<a rel=\"noopener noreferrer nofollow\" href=\"https:\/\/www.linkedin.com\/shareArticle?mini=true&url=https:\/\/www.niikiis.com\/blog\/liderazgo-inclusivo-que-es-y-como-implementarlo-2\/\" target=\"_blank\" class=\" wd-social-icon social-linkedin\" aria-label=\"Linkedin social link\">\n\t\t\t\t\t\t<span class=\"wd-icon\"><\/span>\n\t\t\t\t\t\t\t\t\t\t\t<\/a>\n\t\t\t\t\n\t\t\t\t\n\t\t\t\t\n\t\t\t\t\n\t\t\t\t\n\t\t\t\t\n\t\t\t\t\n\t\t\t\t\n\t\t\t\t\n\t\t\t\t\n\t\t\t\t\n\t\t\t\t\n\t\t\t\t\n\t\t\t\t\n\t\t\t\t\n\t\t\t\t\t\t\t\t\t<a rel=\"noopener noreferrer nofollow\" href=\"https:\/\/telegram.me\/share\/url?url=https:\/\/www.niikiis.com\/blog\/liderazgo-inclusivo-que-es-y-como-implementarlo-2\/\" target=\"_blank\" class=\" wd-social-icon social-tg\" aria-label=\"Telegram social link\">\n\t\t\t\t\t\t<span class=\"wd-icon\"><\/span>\n\t\t\t\t\t\t\t\t\t\t\t<\/a>\n\t\t\t\t\n\t\t\t\t\n\t\t\t<\/div>\n\n\t\t\t\t\t\t\t\t\t\t\t\t<span><\/span>\n\t\t\t\t<\/div>\n\t\t\t\t\t<\/div>\n\t<\/div>\n<\/article>\n\n\n\t\t\t\t\t\t\t\t\t\t\t\n<article id=\"post-12715\" class=\"wd-post blog-design-default-alt blog-post-loop blog-style-flat wd-col post-12715 post type-post status-publish format-standard has-post-thumbnail hentry category-podcast\">\n\t<div class=\"wd-post-inner article-inner\">\n\t\t\t\t\t<div class=\"wd-post-cat wd-style-with-bg meta-post-categories\">\n\t\t\t\t<a href=\"https:\/\/www.niikiis.com\/blog\/category\/podcast\/\" rel=\"category tag\">Podcasts con Expertos<\/a>\t\t\t<\/div>\n\t\t\n\t\t\t\t\t<h3 class=\"wd-post-title wd-entities-title title post-title\">\n\t\t\t\t<a href=\"https:\/\/www.niikiis.com\/blog\/bono-kit-digital-como-solicitarlo\/\" rel=\"bookmark\">#Podcast: Bono Kit Digital: c\u00f3mo solicitarlo<\/a>\n\t\t\t<\/h3>\n\t\t\n\t\t\t\t\t<div class=\"wd-post-meta\">\n\t\t\t\t\t\t\t\t\t\t\t\t<div class=\"wd-post-author\">\n\t\t\t\t\t\t\t\t\t\t<span>Posted by<\/span>\n\t\t\n\t\t\t\t\t<img alt='author-avatar' src='https:\/\/secure.gravatar.com\/avatar\/7961fb26fec9435a0f78a8ceb4aeae5dbc0f111ade6f4918faa0315cba57e134?s=18&#038;d=mm&#038;r=g' srcset='https:\/\/secure.gravatar.com\/avatar\/7961fb26fec9435a0f78a8ceb4aeae5dbc0f111ade6f4918faa0315cba57e134?s=36&#038;d=mm&#038;r=g 2x' class='avatar avatar-18 photo' height='18' width='18' loading='lazy' decoding='async'\/>\t\t\n\t\t\t\t\t<a href=\"https:\/\/www.niikiis.com\/blog\/author\/adminniikiis\/\" class=\"author\" rel=\"author\">Equipo niikiis<\/a>\n\t\t\t\t\t\t\t\t<\/div>\n\t\t\t\t<div class=\"wd-modified-date\">\n\t\t\t\t\t\t\t<time class=\"updated\" datetime=\"2022-09-08T08:09:45+00:00\">\n\t\t\t8 septiembre 2022\t\t<\/time>\n\t\t\t\t\t\t<\/div>\n\n\t\t\t\t\t\t\t<\/div>\n\t\t\n\t\t\t\t\t<div class=\"wd-post-thumb entry-header\">\n\t\t\t\t\t\t\t\t\t<div class=\"wd-post-img post-img-wrapp\">\n\t\t\t\t\t\t<img width=\"560\" height=\"315\" src=\"https:\/\/www.niikiis.com\/wp-content\/uploads\/2022\/04\/Blog-cover-32.png\" class=\"attachment-large size-large\" alt=\"bono kit digital en niikiis\" decoding=\"async\" loading=\"lazy\" srcset=\"https:\/\/www.niikiis.com\/wp-content\/uploads\/2022\/04\/Blog-cover-32.png 560w, https:\/\/www.niikiis.com\/wp-content\/uploads\/2022\/04\/Blog-cover-32-300x169.png 300w\" sizes=\"auto, (max-width: 560px) 100vw, 560px\" \/>\t\t\t\t\t<\/div>\n\t\t\t\t\t\t\t\t\t\t<a class=\"wd-fill\" tabindex=\"-1\" href=\"https:\/\/www.niikiis.com\/blog\/bono-kit-digital-como-solicitarlo\/\" aria-label=\"Link on post #Podcast: Bono Kit Digital: c\u00f3mo solicitarlo\"><\/a>\n\t\t\t\t\t\t\t\t\t\t\t\t\t\t\t\t<div class=\"wd-post-date wd-style-with-bg\">\n\t\t\t\t<span class=\"post-date-day\">\n\t\t\t\t\t13\t\t\t\t<\/span>\n\t\t\t\t<span class=\"post-date-month\">\n\t\t\t\t\tAbr\t\t\t\t<\/span>\n\t\t\t<\/div>\n\t\t\t\t\t\t\t\t\t<\/div>\n\t\t\n\t\t<div class=\"wd-post-content article-body-container\">\n\t\t\t\t\t\t\t\t\t\t\t\t<div class=\"wd-post-excerpt entry-content\">\n\t\t\t\t\t\tEn este episodio: Mireia Cuy\u00e0s, fundadora y CGO de niikiis, lider\u00f3 la entrevista a Jos\u00e9 Mar\u00eda Mart\u00edn: Socio Director de MADOM, y Carlos Hornstein: CEO y fundador de niikiis. En la entrevista hablamos sobre qu\u00e9 es el Bono del Kit Digital y c\u00f3mo solicitarlo.\t\t\t\t\t<\/div>\n\t\t\t\t\n\t\t\t\t\t\t\t\t\t\t\t\t\t\t<div class=\"wd-post-read-more wd-style-link read-more-section\">\n\t\t\t\t\t\t<a class=\"\" href=\"https:\/\/www.niikiis.com\/blog\/bono-kit-digital-como-solicitarlo\/\">Continue reading<\/a>\t\t\t\t\t<\/div>\n\t\t\t\t\t\t\t\t\t\t\t\n\t\t\t\t\t\t\t<div class=\"wd-share-with-lines\">\n\t\t\t\t\t<span><\/span>\n\t\t\t\t\t\t\t\t\t\t\t\t\t\t<div\n\t\t\t\t\t\tclass=\" wd-social-icons  wd-style-bordered wd-size-small social-share wd-shape-circle text-center\">\n\t\t\t\t\n\t\t\t\t\n\t\t\t\t\t\t\t\t\t<a rel=\"noopener noreferrer nofollow\" href=\"https:\/\/www.facebook.com\/sharer\/sharer.php?u=https:\/\/www.niikiis.com\/blog\/bono-kit-digital-como-solicitarlo\/\" target=\"_blank\" class=\" wd-social-icon social-facebook\" aria-label=\"Facebook social link\">\n\t\t\t\t\t\t<span class=\"wd-icon\"><\/span>\n\t\t\t\t\t\t\t\t\t\t\t<\/a>\n\t\t\t\t\n\t\t\t\t\t\t\t\t\t<a rel=\"noopener noreferrer nofollow\" href=\"https:\/\/x.com\/share?url=https:\/\/www.niikiis.com\/blog\/bono-kit-digital-como-solicitarlo\/\" target=\"_blank\" class=\" wd-social-icon social-twitter\" aria-label=\"X social link\">\n\t\t\t\t\t\t<span class=\"wd-icon\"><\/span>\n\t\t\t\t\t\t\t\t\t\t\t<\/a>\n\t\t\t\t\n\t\t\t\t\n\t\t\t\t\n\t\t\t\t\n\t\t\t\t\n\t\t\t\t\n\t\t\t\t\t\t\t\t\t<a rel=\"noopener noreferrer nofollow\" href=\"https:\/\/pinterest.com\/pin\/create\/button\/?url=https:\/\/www.niikiis.com\/blog\/bono-kit-digital-como-solicitarlo\/&media=https:\/\/www.niikiis.com\/wp-content\/uploads\/2022\/04\/Blog-cover-32.png&description=%23Podcast%3A+Bono+Kit+Digital%3A+c%C3%B3mo+solicitarlo\" target=\"_blank\" class=\" wd-social-icon social-pinterest\" aria-label=\"Pinterest social link\">\n\t\t\t\t\t\t<span class=\"wd-icon\"><\/span>\n\t\t\t\t\t\t\t\t\t\t\t<\/a>\n\t\t\t\t\n\t\t\t\t\n\t\t\t\t\t\t\t\t\t<a rel=\"noopener noreferrer nofollow\" href=\"https:\/\/www.linkedin.com\/shareArticle?mini=true&url=https:\/\/www.niikiis.com\/blog\/bono-kit-digital-como-solicitarlo\/\" target=\"_blank\" class=\" wd-social-icon social-linkedin\" aria-label=\"Linkedin social link\">\n\t\t\t\t\t\t<span class=\"wd-icon\"><\/span>\n\t\t\t\t\t\t\t\t\t\t\t<\/a>\n\t\t\t\t\n\t\t\t\t\n\t\t\t\t\n\t\t\t\t\n\t\t\t\t\n\t\t\t\t\n\t\t\t\t\n\t\t\t\t\n\t\t\t\t\n\t\t\t\t\n\t\t\t\t\n\t\t\t\t\n\t\t\t\t\n\t\t\t\t\n\t\t\t\t\n\t\t\t\t\t\t\t\t\t<a rel=\"noopener noreferrer nofollow\" href=\"https:\/\/telegram.me\/share\/url?url=https:\/\/www.niikiis.com\/blog\/bono-kit-digital-como-solicitarlo\/\" target=\"_blank\" class=\" wd-social-icon social-tg\" aria-label=\"Telegram social link\">\n\t\t\t\t\t\t<span class=\"wd-icon\"><\/span>\n\t\t\t\t\t\t\t\t\t\t\t<\/a>\n\t\t\t\t\n\t\t\t\t\n\t\t\t<\/div>\n\n\t\t\t\t\t\t\t\t\t\t\t\t<span><\/span>\n\t\t\t\t<\/div>\n\t\t\t\t\t<\/div>\n\t<\/div>\n<\/article>\n\n\n\t\t\t\t\t\t\t\t\t\t\t\n<article id=\"post-12711\" class=\"wd-post blog-design-default-alt blog-post-loop blog-style-flat wd-col post-12711 post type-post status-publish format-standard has-post-thumbnail hentry category-podcast\">\n\t<div class=\"wd-post-inner article-inner\">\n\t\t\t\t\t<div class=\"wd-post-cat wd-style-with-bg meta-post-categories\">\n\t\t\t\t<a href=\"https:\/\/www.niikiis.com\/blog\/category\/podcast\/\" rel=\"category tag\">Podcasts con Expertos<\/a>\t\t\t<\/div>\n\t\t\n\t\t\t\t\t<h3 class=\"wd-post-title wd-entities-title title post-title\">\n\t\t\t\t<a href=\"https:\/\/www.niikiis.com\/blog\/planes-de-carrera-que-son-claves-para-exito\/\" rel=\"bookmark\">#Podcast: Planes de carrera: \u00bfQu\u00e9 son y cu\u00e1les son las claves para el \u00e9xito?<\/a>\n\t\t\t<\/h3>\n\t\t\n\t\t\t\t\t<div class=\"wd-post-meta\">\n\t\t\t\t\t\t\t\t\t\t\t\t<div class=\"wd-post-author\">\n\t\t\t\t\t\t\t\t\t\t<span>Posted by<\/span>\n\t\t\n\t\t\t\t\t<img alt='author-avatar' src='https:\/\/secure.gravatar.com\/avatar\/7961fb26fec9435a0f78a8ceb4aeae5dbc0f111ade6f4918faa0315cba57e134?s=18&#038;d=mm&#038;r=g' srcset='https:\/\/secure.gravatar.com\/avatar\/7961fb26fec9435a0f78a8ceb4aeae5dbc0f111ade6f4918faa0315cba57e134?s=36&#038;d=mm&#038;r=g 2x' class='avatar avatar-18 photo' height='18' width='18' loading='lazy' decoding='async'\/>\t\t\n\t\t\t\t\t<a href=\"https:\/\/www.niikiis.com\/blog\/author\/adminniikiis\/\" class=\"author\" rel=\"author\">Equipo niikiis<\/a>\n\t\t\t\t\t\t\t\t<\/div>\n\t\t\t\t<div class=\"wd-modified-date\">\n\t\t\t\t\t\t\t<time class=\"updated\" datetime=\"2022-09-08T08:09:50+00:00\">\n\t\t\t8 septiembre 2022\t\t<\/time>\n\t\t\t\t\t\t<\/div>\n\n\t\t\t\t\t\t\t<\/div>\n\t\t\n\t\t\t\t\t<div class=\"wd-post-thumb entry-header\">\n\t\t\t\t\t\t\t\t\t<div class=\"wd-post-img post-img-wrapp\">\n\t\t\t\t\t\t<img width=\"560\" height=\"315\" src=\"https:\/\/www.niikiis.com\/wp-content\/uploads\/2022\/04\/Blog-cover-31.png\" class=\"attachment-large size-large\" alt=\"Olga Mili\u00e1n en niikiis\" decoding=\"async\" loading=\"lazy\" srcset=\"https:\/\/www.niikiis.com\/wp-content\/uploads\/2022\/04\/Blog-cover-31.png 560w, https:\/\/www.niikiis.com\/wp-content\/uploads\/2022\/04\/Blog-cover-31-300x169.png 300w\" sizes=\"auto, (max-width: 560px) 100vw, 560px\" \/>\t\t\t\t\t<\/div>\n\t\t\t\t\t\t\t\t\t\t<a class=\"wd-fill\" tabindex=\"-1\" href=\"https:\/\/www.niikiis.com\/blog\/planes-de-carrera-que-son-claves-para-exito\/\" aria-label=\"Link on post #Podcast: Planes de carrera: \u00bfQu\u00e9 son y cu\u00e1les son las claves para el \u00e9xito?\"><\/a>\n\t\t\t\t\t\t\t\t\t\t\t\t\t\t\t\t<div class=\"wd-post-date wd-style-with-bg\">\n\t\t\t\t<span class=\"post-date-day\">\n\t\t\t\t\t13\t\t\t\t<\/span>\n\t\t\t\t<span class=\"post-date-month\">\n\t\t\t\t\tAbr\t\t\t\t<\/span>\n\t\t\t<\/div>\n\t\t\t\t\t\t\t\t\t<\/div>\n\t\t\n\t\t<div class=\"wd-post-content article-body-container\">\n\t\t\t\t\t\t\t\t\t\t\t\t<div class=\"wd-post-excerpt entry-content\">\n\t\t\t\t\t\tEn este episodio: Mireia Cuy\u00e0s, fundadora y CGO de niikiis, lider\u00f3 la entrevista a Olga Mili\u00e1n: formadora intercultural, profesora y mentora en empleabilidad y coach con CCL. En la entrevista hablamos sobre qu\u00e9 son los planes de carrera y cu\u00e1les son las claves para su \u00e9xito.\t\t\t\t\t<\/div>\n\t\t\t\t\n\t\t\t\t\t\t\t\t\t\t\t\t\t\t<div class=\"wd-post-read-more wd-style-link read-more-section\">\n\t\t\t\t\t\t<a class=\"\" href=\"https:\/\/www.niikiis.com\/blog\/planes-de-carrera-que-son-claves-para-exito\/\">Continue reading<\/a>\t\t\t\t\t<\/div>\n\t\t\t\t\t\t\t\t\t\t\t\n\t\t\t\t\t\t\t<div class=\"wd-share-with-lines\">\n\t\t\t\t\t<span><\/span>\n\t\t\t\t\t\t\t\t\t\t\t\t\t\t<div\n\t\t\t\t\t\tclass=\" wd-social-icons  wd-style-bordered wd-size-small social-share wd-shape-circle text-center\">\n\t\t\t\t\n\t\t\t\t\n\t\t\t\t\t\t\t\t\t<a rel=\"noopener noreferrer nofollow\" href=\"https:\/\/www.facebook.com\/sharer\/sharer.php?u=https:\/\/www.niikiis.com\/blog\/planes-de-carrera-que-son-claves-para-exito\/\" target=\"_blank\" class=\" wd-social-icon social-facebook\" aria-label=\"Facebook social link\">\n\t\t\t\t\t\t<span class=\"wd-icon\"><\/span>\n\t\t\t\t\t\t\t\t\t\t\t<\/a>\n\t\t\t\t\n\t\t\t\t\t\t\t\t\t<a rel=\"noopener noreferrer nofollow\" href=\"https:\/\/x.com\/share?url=https:\/\/www.niikiis.com\/blog\/planes-de-carrera-que-son-claves-para-exito\/\" target=\"_blank\" class=\" wd-social-icon social-twitter\" aria-label=\"X social link\">\n\t\t\t\t\t\t<span class=\"wd-icon\"><\/span>\n\t\t\t\t\t\t\t\t\t\t\t<\/a>\n\t\t\t\t\n\t\t\t\t\n\t\t\t\t\n\t\t\t\t\n\t\t\t\t\n\t\t\t\t\n\t\t\t\t\t\t\t\t\t<a rel=\"noopener noreferrer nofollow\" href=\"https:\/\/pinterest.com\/pin\/create\/button\/?url=https:\/\/www.niikiis.com\/blog\/planes-de-carrera-que-son-claves-para-exito\/&media=https:\/\/www.niikiis.com\/wp-content\/uploads\/2022\/04\/Blog-cover-31.png&description=%23Podcast%3A+Planes+de+carrera%3A+%C2%BFQu%C3%A9+son+y+cu%C3%A1les+son+las+claves+para+el+%C3%A9xito%3F\" target=\"_blank\" class=\" wd-social-icon social-pinterest\" aria-label=\"Pinterest social link\">\n\t\t\t\t\t\t<span class=\"wd-icon\"><\/span>\n\t\t\t\t\t\t\t\t\t\t\t<\/a>\n\t\t\t\t\n\t\t\t\t\n\t\t\t\t\t\t\t\t\t<a rel=\"noopener noreferrer nofollow\" href=\"https:\/\/www.linkedin.com\/shareArticle?mini=true&url=https:\/\/www.niikiis.com\/blog\/planes-de-carrera-que-son-claves-para-exito\/\" target=\"_blank\" class=\" wd-social-icon social-linkedin\" aria-label=\"Linkedin social link\">\n\t\t\t\t\t\t<span class=\"wd-icon\"><\/span>\n\t\t\t\t\t\t\t\t\t\t\t<\/a>\n\t\t\t\t\n\t\t\t\t\n\t\t\t\t\n\t\t\t\t\n\t\t\t\t\n\t\t\t\t\n\t\t\t\t\n\t\t\t\t\n\t\t\t\t\n\t\t\t\t\n\t\t\t\t\n\t\t\t\t\n\t\t\t\t\n\t\t\t\t\n\t\t\t\t\n\t\t\t\t\t\t\t\t\t<a rel=\"noopener noreferrer nofollow\" href=\"https:\/\/telegram.me\/share\/url?url=https:\/\/www.niikiis.com\/blog\/planes-de-carrera-que-son-claves-para-exito\/\" target=\"_blank\" class=\" wd-social-icon social-tg\" aria-label=\"Telegram social link\">\n\t\t\t\t\t\t<span class=\"wd-icon\"><\/span>\n\t\t\t\t\t\t\t\t\t\t\t<\/a>\n\t\t\t\t\n\t\t\t\t\n\t\t\t<\/div>\n\n\t\t\t\t\t\t\t\t\t\t\t\t<span><\/span>\n\t\t\t\t<\/div>\n\t\t\t\t\t<\/div>\n\t<\/div>\n<\/article>\n\n\n\t\t\t\t\t\t\t\t\t\t\t\n<article id=\"post-12707\" class=\"wd-post blog-design-default-alt blog-post-loop blog-style-flat wd-col post-12707 post type-post status-publish format-standard has-post-thumbnail hentry category-podcast\">\n\t<div class=\"wd-post-inner article-inner\">\n\t\t\t\t\t<div class=\"wd-post-cat wd-style-with-bg meta-post-categories\">\n\t\t\t\t<a href=\"https:\/\/www.niikiis.com\/blog\/category\/podcast\/\" rel=\"category tag\">Podcasts con Expertos<\/a>\t\t\t<\/div>\n\t\t\n\t\t\t\t\t<h3 class=\"wd-post-title wd-entities-title title post-title\">\n\t\t\t\t<a href=\"https:\/\/www.niikiis.com\/blog\/diversidad-inclusion-sostenebilidad\/\" rel=\"bookmark\">#Podcast: Diversidad, inclusi\u00f3n y sostenibilidad: influencia en la gesti\u00f3n de personas<\/a>\n\t\t\t<\/h3>\n\t\t\n\t\t\t\t\t<div class=\"wd-post-meta\">\n\t\t\t\t\t\t\t\t\t\t\t\t<div class=\"wd-post-author\">\n\t\t\t\t\t\t\t\t\t\t<span>Posted by<\/span>\n\t\t\n\t\t\t\t\t<img alt='author-avatar' src='https:\/\/secure.gravatar.com\/avatar\/7961fb26fec9435a0f78a8ceb4aeae5dbc0f111ade6f4918faa0315cba57e134?s=18&#038;d=mm&#038;r=g' srcset='https:\/\/secure.gravatar.com\/avatar\/7961fb26fec9435a0f78a8ceb4aeae5dbc0f111ade6f4918faa0315cba57e134?s=36&#038;d=mm&#038;r=g 2x' class='avatar avatar-18 photo' height='18' width='18' loading='lazy' decoding='async'\/>\t\t\n\t\t\t\t\t<a href=\"https:\/\/www.niikiis.com\/blog\/author\/adminniikiis\/\" class=\"author\" rel=\"author\">Equipo niikiis<\/a>\n\t\t\t\t\t\t\t\t<\/div>\n\t\t\t\t<div class=\"wd-modified-date\">\n\t\t\t\t\t\t\t<time class=\"updated\" datetime=\"2022-09-08T08:09:58+00:00\">\n\t\t\t8 septiembre 2022\t\t<\/time>\n\t\t\t\t\t\t<\/div>\n\n\t\t\t\t\t\t\t<\/div>\n\t\t\n\t\t\t\t\t<div class=\"wd-post-thumb entry-header\">\n\t\t\t\t\t\t\t\t\t<div class=\"wd-post-img post-img-wrapp\">\n\t\t\t\t\t\t<img width=\"560\" height=\"315\" src=\"https:\/\/www.niikiis.com\/wp-content\/uploads\/2022\/04\/Blog-cover-30.png\" class=\"attachment-large size-large\" alt=\"Anna Zelno en niikiis\" decoding=\"async\" loading=\"lazy\" srcset=\"https:\/\/www.niikiis.com\/wp-content\/uploads\/2022\/04\/Blog-cover-30.png 560w, https:\/\/www.niikiis.com\/wp-content\/uploads\/2022\/04\/Blog-cover-30-300x169.png 300w\" sizes=\"auto, (max-width: 560px) 100vw, 560px\" \/>\t\t\t\t\t<\/div>\n\t\t\t\t\t\t\t\t\t\t<a class=\"wd-fill\" tabindex=\"-1\" href=\"https:\/\/www.niikiis.com\/blog\/diversidad-inclusion-sostenebilidad\/\" aria-label=\"Link on post #Podcast: Diversidad, inclusi\u00f3n y sostenibilidad: influencia en la gesti\u00f3n de personas\"><\/a>\n\t\t\t\t\t\t\t\t\t\t\t\t\t\t\t\t<div class=\"wd-post-date wd-style-with-bg\">\n\t\t\t\t<span class=\"post-date-day\">\n\t\t\t\t\t13\t\t\t\t<\/span>\n\t\t\t\t<span class=\"post-date-month\">\n\t\t\t\t\tAbr\t\t\t\t<\/span>\n\t\t\t<\/div>\n\t\t\t\t\t\t\t\t\t<\/div>\n\t\t\n\t\t<div class=\"wd-post-content article-body-container\">\n\t\t\t\t\t\t\t\t\t\t\t\t<div class=\"wd-post-excerpt entry-content\">\n\t\t\t\t\t\tEn este episodio: Mireia Cuy\u00e0s, fundadora y CGO de niikiis, lider\u00f3 la entrevista a Anna Zelno: CEO y Formadora en Interculturalidad y Co-fundadora de la Academia para la Diversidad y la Innovaci\u00f3n. En la entrevista hablamos sobre c\u00f3mo dise\u00f1ar e implementar estrategias de diversidad e inclusi\u00f3n sostenibles.\t\t\t\t\t<\/div>\n\t\t\t\t\n\t\t\t\t\t\t\t\t\t\t\t\t\t\t<div class=\"wd-post-read-more wd-style-link read-more-section\">\n\t\t\t\t\t\t<a class=\"\" href=\"https:\/\/www.niikiis.com\/blog\/diversidad-inclusion-sostenebilidad\/\">Continue reading<\/a>\t\t\t\t\t<\/div>\n\t\t\t\t\t\t\t\t\t\t\t\n\t\t\t\t\t\t\t<div class=\"wd-share-with-lines\">\n\t\t\t\t\t<span><\/span>\n\t\t\t\t\t\t\t\t\t\t\t\t\t\t<div\n\t\t\t\t\t\tclass=\" wd-social-icons  wd-style-bordered wd-size-small social-share wd-shape-circle text-center\">\n\t\t\t\t\n\t\t\t\t\n\t\t\t\t\t\t\t\t\t<a rel=\"noopener noreferrer nofollow\" href=\"https:\/\/www.facebook.com\/sharer\/sharer.php?u=https:\/\/www.niikiis.com\/blog\/diversidad-inclusion-sostenebilidad\/\" target=\"_blank\" class=\" wd-social-icon social-facebook\" aria-label=\"Facebook social link\">\n\t\t\t\t\t\t<span class=\"wd-icon\"><\/span>\n\t\t\t\t\t\t\t\t\t\t\t<\/a>\n\t\t\t\t\n\t\t\t\t\t\t\t\t\t<a rel=\"noopener noreferrer nofollow\" href=\"https:\/\/x.com\/share?url=https:\/\/www.niikiis.com\/blog\/diversidad-inclusion-sostenebilidad\/\" target=\"_blank\" class=\" wd-social-icon social-twitter\" aria-label=\"X social link\">\n\t\t\t\t\t\t<span class=\"wd-icon\"><\/span>\n\t\t\t\t\t\t\t\t\t\t\t<\/a>\n\t\t\t\t\n\t\t\t\t\n\t\t\t\t\n\t\t\t\t\n\t\t\t\t\n\t\t\t\t\n\t\t\t\t\t\t\t\t\t<a rel=\"noopener noreferrer nofollow\" href=\"https:\/\/pinterest.com\/pin\/create\/button\/?url=https:\/\/www.niikiis.com\/blog\/diversidad-inclusion-sostenebilidad\/&media=https:\/\/www.niikiis.com\/wp-content\/uploads\/2022\/04\/Blog-cover-30.png&description=%23Podcast%3A+Diversidad%2C+inclusi%C3%B3n+y+sostenibilidad%3A+influencia+en+la+gesti%C3%B3n+de+personas\" target=\"_blank\" class=\" wd-social-icon social-pinterest\" aria-label=\"Pinterest social link\">\n\t\t\t\t\t\t<span class=\"wd-icon\"><\/span>\n\t\t\t\t\t\t\t\t\t\t\t<\/a>\n\t\t\t\t\n\t\t\t\t\n\t\t\t\t\t\t\t\t\t<a rel=\"noopener noreferrer nofollow\" href=\"https:\/\/www.linkedin.com\/shareArticle?mini=true&url=https:\/\/www.niikiis.com\/blog\/diversidad-inclusion-sostenebilidad\/\" target=\"_blank\" class=\" wd-social-icon social-linkedin\" aria-label=\"Linkedin social link\">\n\t\t\t\t\t\t<span class=\"wd-icon\"><\/span>\n\t\t\t\t\t\t\t\t\t\t\t<\/a>\n\t\t\t\t\n\t\t\t\t\n\t\t\t\t\n\t\t\t\t\n\t\t\t\t\n\t\t\t\t\n\t\t\t\t\n\t\t\t\t\n\t\t\t\t\n\t\t\t\t\n\t\t\t\t\n\t\t\t\t\n\t\t\t\t\n\t\t\t\t\n\t\t\t\t\n\t\t\t\t\t\t\t\t\t<a rel=\"noopener noreferrer nofollow\" href=\"https:\/\/telegram.me\/share\/url?url=https:\/\/www.niikiis.com\/blog\/diversidad-inclusion-sostenebilidad\/\" target=\"_blank\" class=\" wd-social-icon social-tg\" aria-label=\"Telegram social link\">\n\t\t\t\t\t\t<span class=\"wd-icon\"><\/span>\n\t\t\t\t\t\t\t\t\t\t\t<\/a>\n\t\t\t\t\n\t\t\t\t\n\t\t\t<\/div>\n\n\t\t\t\t\t\t\t\t\t\t\t\t<span><\/span>\n\t\t\t\t<\/div>\n\t\t\t\t\t<\/div>\n\t<\/div>\n<\/article>\n\n\n\t\t\t\t\t\t\t\t\t\t\t\n<article id=\"post-12704\" class=\"wd-post blog-design-default-alt blog-post-loop blog-style-flat wd-col post-12704 post type-post status-publish format-standard has-post-thumbnail hentry category-podcast\">\n\t<div class=\"wd-post-inner article-inner\">\n\t\t\t\t\t<div class=\"wd-post-cat wd-style-with-bg meta-post-categories\">\n\t\t\t\t<a href=\"https:\/\/www.niikiis.com\/blog\/category\/podcast\/\" rel=\"category tag\">Podcasts con Expertos<\/a>\t\t\t<\/div>\n\t\t\n\t\t\t\t\t<h3 class=\"wd-post-title wd-entities-title title post-title\">\n\t\t\t\t<a href=\"https:\/\/www.niikiis.com\/blog\/formacion-e-inteligencia-emocional-2\/\" rel=\"bookmark\">#Podcast: Formaci\u00f3n e inteligencia emocional: qu\u00e9 es y c\u00f3mo implementarla<\/a>\n\t\t\t<\/h3>\n\t\t\n\t\t\t\t\t<div class=\"wd-post-meta\">\n\t\t\t\t\t\t\t\t\t\t\t\t<div class=\"wd-post-author\">\n\t\t\t\t\t\t\t\t\t\t<span>Posted by<\/span>\n\t\t\n\t\t\t\t\t<img alt='author-avatar' src='https:\/\/secure.gravatar.com\/avatar\/7961fb26fec9435a0f78a8ceb4aeae5dbc0f111ade6f4918faa0315cba57e134?s=18&#038;d=mm&#038;r=g' srcset='https:\/\/secure.gravatar.com\/avatar\/7961fb26fec9435a0f78a8ceb4aeae5dbc0f111ade6f4918faa0315cba57e134?s=36&#038;d=mm&#038;r=g 2x' class='avatar avatar-18 photo' height='18' width='18' loading='lazy' decoding='async'\/>\t\t\n\t\t\t\t\t<a href=\"https:\/\/www.niikiis.com\/blog\/author\/adminniikiis\/\" class=\"author\" rel=\"author\">Equipo niikiis<\/a>\n\t\t\t\t\t\t\t\t<\/div>\n\t\t\t\t<div class=\"wd-modified-date\">\n\t\t\t\t\t\t\t<time class=\"updated\" datetime=\"2022-09-08T08:10:05+00:00\">\n\t\t\t8 septiembre 2022\t\t<\/time>\n\t\t\t\t\t\t<\/div>\n\n\t\t\t\t\t\t\t<\/div>\n\t\t\n\t\t\t\t\t<div class=\"wd-post-thumb entry-header\">\n\t\t\t\t\t\t\t\t\t<div class=\"wd-post-img post-img-wrapp\">\n\t\t\t\t\t\t<img width=\"560\" height=\"315\" src=\"https:\/\/www.niikiis.com\/wp-content\/uploads\/2022\/04\/Blog-cover-29.png\" class=\"attachment-large size-large\" alt=\"Cristina Mart\u00ednez en niikiis\" decoding=\"async\" loading=\"lazy\" srcset=\"https:\/\/www.niikiis.com\/wp-content\/uploads\/2022\/04\/Blog-cover-29.png 560w, https:\/\/www.niikiis.com\/wp-content\/uploads\/2022\/04\/Blog-cover-29-300x169.png 300w\" sizes=\"auto, (max-width: 560px) 100vw, 560px\" \/>\t\t\t\t\t<\/div>\n\t\t\t\t\t\t\t\t\t\t<a class=\"wd-fill\" tabindex=\"-1\" href=\"https:\/\/www.niikiis.com\/blog\/formacion-e-inteligencia-emocional-2\/\" aria-label=\"Link on post #Podcast: Formaci\u00f3n e inteligencia emocional: qu\u00e9 es y c\u00f3mo implementarla\"><\/a>\n\t\t\t\t\t\t\t\t\t\t\t\t\t\t\t\t<div class=\"wd-post-date wd-style-with-bg\">\n\t\t\t\t<span class=\"post-date-day\">\n\t\t\t\t\t13\t\t\t\t<\/span>\n\t\t\t\t<span class=\"post-date-month\">\n\t\t\t\t\tAbr\t\t\t\t<\/span>\n\t\t\t<\/div>\n\t\t\t\t\t\t\t\t\t<\/div>\n\t\t\n\t\t<div class=\"wd-post-content article-body-container\">\n\t\t\t\t\t\t\t\t\t\t\t\t<div class=\"wd-post-excerpt entry-content\">\n\t\t\t\t\t\tEn este episodio: Mireia Cuy\u00e0s, fundadora y CGO de niikiis, lider\u00f3 la entrevista a Cristina Mart\u00ednez Ballestero: experta en transformar organizaciones en Organizaciones Emocionalmente Inteligentes. En la entrevista hablamos sobre c\u00f3mo formar a los empleados en inteligencia emocional.\t\t\t\t\t<\/div>\n\t\t\t\t\n\t\t\t\t\t\t\t\t\t\t\t\t\t\t<div class=\"wd-post-read-more wd-style-link read-more-section\">\n\t\t\t\t\t\t<a class=\"\" href=\"https:\/\/www.niikiis.com\/blog\/formacion-e-inteligencia-emocional-2\/\">Continue reading<\/a>\t\t\t\t\t<\/div>\n\t\t\t\t\t\t\t\t\t\t\t\n\t\t\t\t\t\t\t<div class=\"wd-share-with-lines\">\n\t\t\t\t\t<span><\/span>\n\t\t\t\t\t\t\t\t\t\t\t\t\t\t<div\n\t\t\t\t\t\tclass=\" wd-social-icons  wd-style-bordered wd-size-small social-share wd-shape-circle text-center\">\n\t\t\t\t\n\t\t\t\t\n\t\t\t\t\t\t\t\t\t<a rel=\"noopener noreferrer nofollow\" href=\"https:\/\/www.facebook.com\/sharer\/sharer.php?u=https:\/\/www.niikiis.com\/blog\/formacion-e-inteligencia-emocional-2\/\" target=\"_blank\" class=\" wd-social-icon social-facebook\" aria-label=\"Facebook social link\">\n\t\t\t\t\t\t<span class=\"wd-icon\"><\/span>\n\t\t\t\t\t\t\t\t\t\t\t<\/a>\n\t\t\t\t\n\t\t\t\t\t\t\t\t\t<a rel=\"noopener noreferrer nofollow\" href=\"https:\/\/x.com\/share?url=https:\/\/www.niikiis.com\/blog\/formacion-e-inteligencia-emocional-2\/\" target=\"_blank\" class=\" wd-social-icon social-twitter\" aria-label=\"X social link\">\n\t\t\t\t\t\t<span class=\"wd-icon\"><\/span>\n\t\t\t\t\t\t\t\t\t\t\t<\/a>\n\t\t\t\t\n\t\t\t\t\n\t\t\t\t\n\t\t\t\t\n\t\t\t\t\n\t\t\t\t\n\t\t\t\t\t\t\t\t\t<a rel=\"noopener noreferrer nofollow\" href=\"https:\/\/pinterest.com\/pin\/create\/button\/?url=https:\/\/www.niikiis.com\/blog\/formacion-e-inteligencia-emocional-2\/&media=https:\/\/www.niikiis.com\/wp-content\/uploads\/2022\/04\/Blog-cover-29.png&description=%23Podcast%3A+Formaci%C3%B3n+e+inteligencia+emocional%3A+qu%C3%A9+es+y+c%C3%B3mo+implementarla\" target=\"_blank\" class=\" wd-social-icon social-pinterest\" aria-label=\"Pinterest social link\">\n\t\t\t\t\t\t<span class=\"wd-icon\"><\/span>\n\t\t\t\t\t\t\t\t\t\t\t<\/a>\n\t\t\t\t\n\t\t\t\t\n\t\t\t\t\t\t\t\t\t<a rel=\"noopener noreferrer nofollow\" href=\"https:\/\/www.linkedin.com\/shareArticle?mini=true&url=https:\/\/www.niikiis.com\/blog\/formacion-e-inteligencia-emocional-2\/\" target=\"_blank\" class=\" wd-social-icon social-linkedin\" aria-label=\"Linkedin social link\">\n\t\t\t\t\t\t<span class=\"wd-icon\"><\/span>\n\t\t\t\t\t\t\t\t\t\t\t<\/a>\n\t\t\t\t\n\t\t\t\t\n\t\t\t\t\n\t\t\t\t\n\t\t\t\t\n\t\t\t\t\n\t\t\t\t\n\t\t\t\t\n\t\t\t\t\n\t\t\t\t\n\t\t\t\t\n\t\t\t\t\n\t\t\t\t\n\t\t\t\t\n\t\t\t\t\n\t\t\t\t\t\t\t\t\t<a rel=\"noopener noreferrer nofollow\" href=\"https:\/\/telegram.me\/share\/url?url=https:\/\/www.niikiis.com\/blog\/formacion-e-inteligencia-emocional-2\/\" target=\"_blank\" class=\" wd-social-icon social-tg\" aria-label=\"Telegram social link\">\n\t\t\t\t\t\t<span class=\"wd-icon\"><\/span>\n\t\t\t\t\t\t\t\t\t\t\t<\/a>\n\t\t\t\t\n\t\t\t\t\n\t\t\t<\/div>\n\n\t\t\t\t\t\t\t\t\t\t\t\t<span><\/span>\n\t\t\t\t<\/div>\n\t\t\t\t\t<\/div>\n\t<\/div>\n<\/article>\n\n\n\t\t\t\t\t\t\t\t\t\t\t\n<article id=\"post-12696\" class=\"wd-post blog-design-default-alt blog-post-loop blog-style-flat wd-col post-12696 post type-post status-publish format-standard has-post-thumbnail hentry category-podcast\">\n\t<div class=\"wd-post-inner article-inner\">\n\t\t\t\t\t<div class=\"wd-post-cat wd-style-with-bg meta-post-categories\">\n\t\t\t\t<a href=\"https:\/\/www.niikiis.com\/blog\/category\/podcast\/\" rel=\"category tag\">Podcasts con Expertos<\/a>\t\t\t<\/div>\n\t\t\n\t\t\t\t\t<h3 class=\"wd-post-title wd-entities-title title post-title\">\n\t\t\t\t<a href=\"https:\/\/www.niikiis.com\/blog\/organizaciones-inteligentes-que-son-y-como-liderarlas\/\" rel=\"bookmark\">#Podcast: Organizaciones inteligentes: qu\u00e9 son y c\u00f3mo liderarlas<\/a>\n\t\t\t<\/h3>\n\t\t\n\t\t\t\t\t<div class=\"wd-post-meta\">\n\t\t\t\t\t\t\t\t\t\t\t\t<div class=\"wd-post-author\">\n\t\t\t\t\t\t\t\t\t\t<span>Posted by<\/span>\n\t\t\n\t\t\t\t\t<img alt='author-avatar' src='https:\/\/secure.gravatar.com\/avatar\/7961fb26fec9435a0f78a8ceb4aeae5dbc0f111ade6f4918faa0315cba57e134?s=18&#038;d=mm&#038;r=g' srcset='https:\/\/secure.gravatar.com\/avatar\/7961fb26fec9435a0f78a8ceb4aeae5dbc0f111ade6f4918faa0315cba57e134?s=36&#038;d=mm&#038;r=g 2x' class='avatar avatar-18 photo' height='18' width='18' loading='lazy' decoding='async'\/>\t\t\n\t\t\t\t\t<a href=\"https:\/\/www.niikiis.com\/blog\/author\/adminniikiis\/\" class=\"author\" rel=\"author\">Equipo niikiis<\/a>\n\t\t\t\t\t\t\t\t<\/div>\n\t\t\t\t<div class=\"wd-modified-date\">\n\t\t\t\t\t\t\t<time class=\"updated\" datetime=\"2022-09-08T08:11:05+00:00\">\n\t\t\t8 septiembre 2022\t\t<\/time>\n\t\t\t\t\t\t<\/div>\n\n\t\t\t\t\t\t\t<\/div>\n\t\t\n\t\t\t\t\t<div class=\"wd-post-thumb entry-header\">\n\t\t\t\t\t\t\t\t\t<div class=\"wd-post-img post-img-wrapp\">\n\t\t\t\t\t\t<img width=\"560\" height=\"315\" src=\"https:\/\/www.niikiis.com\/wp-content\/uploads\/2022\/04\/Blog-cover-28.png\" class=\"attachment-large size-large\" alt=\"susana g\u00f3mez en niikiis\" decoding=\"async\" loading=\"lazy\" srcset=\"https:\/\/www.niikiis.com\/wp-content\/uploads\/2022\/04\/Blog-cover-28.png 560w, https:\/\/www.niikiis.com\/wp-content\/uploads\/2022\/04\/Blog-cover-28-300x169.png 300w\" sizes=\"auto, (max-width: 560px) 100vw, 560px\" \/>\t\t\t\t\t<\/div>\n\t\t\t\t\t\t\t\t\t\t<a class=\"wd-fill\" tabindex=\"-1\" href=\"https:\/\/www.niikiis.com\/blog\/organizaciones-inteligentes-que-son-y-como-liderarlas\/\" aria-label=\"Link on post #Podcast: Organizaciones inteligentes: qu\u00e9 son y c\u00f3mo liderarlas\"><\/a>\n\t\t\t\t\t\t\t\t\t\t\t\t\t\t\t\t<div class=\"wd-post-date wd-style-with-bg\">\n\t\t\t\t<span class=\"post-date-day\">\n\t\t\t\t\t13\t\t\t\t<\/span>\n\t\t\t\t<span class=\"post-date-month\">\n\t\t\t\t\tAbr\t\t\t\t<\/span>\n\t\t\t<\/div>\n\t\t\t\t\t\t\t\t\t<\/div>\n\t\t\n\t\t<div class=\"wd-post-content article-body-container\">\n\t\t\t\t\t\t\t\t\t\t\t\t<div class=\"wd-post-excerpt entry-content\">\n\t\t\t\t\t\tEn este episodio: Mireia Cuy\u00e0s, fundadora y CGO de niikiis, lider\u00f3 la entrevista a Susana G\u00f3mez Foronda, co-Fundadora y CEO de Smart Culture; y experta en cultura, liderazgo y talento. En la entrevista tratamos la tem\u00e1tica de c\u00f3mo liderar una organizaci\u00f3n inteligente.\t\t\t\t\t<\/div>\n\t\t\t\t\n\t\t\t\t\t\t\t\t\t\t\t\t\t\t<div class=\"wd-post-read-more wd-style-link read-more-section\">\n\t\t\t\t\t\t<a class=\"\" href=\"https:\/\/www.niikiis.com\/blog\/organizaciones-inteligentes-que-son-y-como-liderarlas\/\">Continue reading<\/a>\t\t\t\t\t<\/div>\n\t\t\t\t\t\t\t\t\t\t\t\n\t\t\t\t\t\t\t<div class=\"wd-share-with-lines\">\n\t\t\t\t\t<span><\/span>\n\t\t\t\t\t\t\t\t\t\t\t\t\t\t<div\n\t\t\t\t\t\tclass=\" wd-social-icons  wd-style-bordered wd-size-small social-share wd-shape-circle text-center\">\n\t\t\t\t\n\t\t\t\t\n\t\t\t\t\t\t\t\t\t<a rel=\"noopener noreferrer nofollow\" href=\"https:\/\/www.facebook.com\/sharer\/sharer.php?u=https:\/\/www.niikiis.com\/blog\/organizaciones-inteligentes-que-son-y-como-liderarlas\/\" target=\"_blank\" class=\" wd-social-icon social-facebook\" aria-label=\"Facebook social link\">\n\t\t\t\t\t\t<span class=\"wd-icon\"><\/span>\n\t\t\t\t\t\t\t\t\t\t\t<\/a>\n\t\t\t\t\n\t\t\t\t\t\t\t\t\t<a rel=\"noopener noreferrer nofollow\" href=\"https:\/\/x.com\/share?url=https:\/\/www.niikiis.com\/blog\/organizaciones-inteligentes-que-son-y-como-liderarlas\/\" target=\"_blank\" class=\" wd-social-icon social-twitter\" aria-label=\"X social link\">\n\t\t\t\t\t\t<span class=\"wd-icon\"><\/span>\n\t\t\t\t\t\t\t\t\t\t\t<\/a>\n\t\t\t\t\n\t\t\t\t\n\t\t\t\t\n\t\t\t\t\n\t\t\t\t\n\t\t\t\t\n\t\t\t\t\t\t\t\t\t<a rel=\"noopener noreferrer nofollow\" href=\"https:\/\/pinterest.com\/pin\/create\/button\/?url=https:\/\/www.niikiis.com\/blog\/organizaciones-inteligentes-que-son-y-como-liderarlas\/&media=https:\/\/www.niikiis.com\/wp-content\/uploads\/2022\/04\/Blog-cover-28.png&description=%23Podcast%3A+Organizaciones+inteligentes%3A+qu%C3%A9+son+y+c%C3%B3mo+liderarlas\" target=\"_blank\" class=\" wd-social-icon social-pinterest\" aria-label=\"Pinterest social link\">\n\t\t\t\t\t\t<span class=\"wd-icon\"><\/span>\n\t\t\t\t\t\t\t\t\t\t\t<\/a>\n\t\t\t\t\n\t\t\t\t\n\t\t\t\t\t\t\t\t\t<a rel=\"noopener noreferrer nofollow\" href=\"https:\/\/www.linkedin.com\/shareArticle?mini=true&url=https:\/\/www.niikiis.com\/blog\/organizaciones-inteligentes-que-son-y-como-liderarlas\/\" target=\"_blank\" class=\" wd-social-icon social-linkedin\" aria-label=\"Linkedin social link\">\n\t\t\t\t\t\t<span class=\"wd-icon\"><\/span>\n\t\t\t\t\t\t\t\t\t\t\t<\/a>\n\t\t\t\t\n\t\t\t\t\n\t\t\t\t\n\t\t\t\t\n\t\t\t\t\n\t\t\t\t\n\t\t\t\t\n\t\t\t\t\n\t\t\t\t\n\t\t\t\t\n\t\t\t\t\n\t\t\t\t\n\t\t\t\t\n\t\t\t\t\n\t\t\t\t\n\t\t\t\t\t\t\t\t\t<a rel=\"noopener noreferrer nofollow\" href=\"https:\/\/telegram.me\/share\/url?url=https:\/\/www.niikiis.com\/blog\/organizaciones-inteligentes-que-son-y-como-liderarlas\/\" target=\"_blank\" class=\" wd-social-icon social-tg\" aria-label=\"Telegram social link\">\n\t\t\t\t\t\t<span class=\"wd-icon\"><\/span>\n\t\t\t\t\t\t\t\t\t\t\t<\/a>\n\t\t\t\t\n\t\t\t\t\n\t\t\t<\/div>\n\n\t\t\t\t\t\t\t\t\t\t\t\t<span><\/span>\n\t\t\t\t<\/div>\n\t\t\t\t\t<\/div>\n\t<\/div>\n<\/article>\n\n\n\t\t\t\t\t\t\t\t\t\t\t\n<article id=\"post-12688\" class=\"wd-post blog-design-default-alt blog-post-loop blog-style-flat wd-col post-12688 post type-post status-publish format-standard has-post-thumbnail hentry category-podcast\">\n\t<div class=\"wd-post-inner article-inner\">\n\t\t\t\t\t<div class=\"wd-post-cat wd-style-with-bg meta-post-categories\">\n\t\t\t\t<a href=\"https:\/\/www.niikiis.com\/blog\/category\/podcast\/\" rel=\"category tag\">Podcasts con Expertos<\/a>\t\t\t<\/div>\n\t\t\n\t\t\t\t\t<h3 class=\"wd-post-title wd-entities-title title post-title\">\n\t\t\t\t<a href=\"https:\/\/www.niikiis.com\/blog\/agilidad-en-rrhh-como-implementarla\/\" rel=\"bookmark\">#Podcast: Agilidad en RR.HH.: C\u00f3mo implementarla en el departamento<\/a>\n\t\t\t<\/h3>\n\t\t\n\t\t\t\t\t<div class=\"wd-post-meta\">\n\t\t\t\t\t\t\t\t\t\t\t\t<div class=\"wd-post-author\">\n\t\t\t\t\t\t\t\t\t\t<span>Posted by<\/span>\n\t\t\n\t\t\t\t\t<img alt='author-avatar' src='https:\/\/secure.gravatar.com\/avatar\/7961fb26fec9435a0f78a8ceb4aeae5dbc0f111ade6f4918faa0315cba57e134?s=18&#038;d=mm&#038;r=g' srcset='https:\/\/secure.gravatar.com\/avatar\/7961fb26fec9435a0f78a8ceb4aeae5dbc0f111ade6f4918faa0315cba57e134?s=36&#038;d=mm&#038;r=g 2x' class='avatar avatar-18 photo' height='18' width='18' loading='lazy' decoding='async'\/>\t\t\n\t\t\t\t\t<a href=\"https:\/\/www.niikiis.com\/blog\/author\/adminniikiis\/\" class=\"author\" rel=\"author\">Equipo niikiis<\/a>\n\t\t\t\t\t\t\t\t<\/div>\n\t\t\t\t<div class=\"wd-modified-date\">\n\t\t\t\t\t\t\t<time class=\"updated\" datetime=\"2022-09-08T08:12:29+00:00\">\n\t\t\t8 septiembre 2022\t\t<\/time>\n\t\t\t\t\t\t<\/div>\n\n\t\t\t\t\t\t\t<\/div>\n\t\t\n\t\t\t\t\t<div class=\"wd-post-thumb entry-header\">\n\t\t\t\t\t\t\t\t\t<div class=\"wd-post-img post-img-wrapp\">\n\t\t\t\t\t\t<img width=\"560\" height=\"315\" src=\"https:\/\/www.niikiis.com\/wp-content\/uploads\/2022\/04\/Blog-cover-27.png\" class=\"attachment-large size-large\" alt=\"Juan antonio en niikiis\" decoding=\"async\" loading=\"lazy\" srcset=\"https:\/\/www.niikiis.com\/wp-content\/uploads\/2022\/04\/Blog-cover-27.png 560w, https:\/\/www.niikiis.com\/wp-content\/uploads\/2022\/04\/Blog-cover-27-300x169.png 300w\" sizes=\"auto, (max-width: 560px) 100vw, 560px\" \/>\t\t\t\t\t<\/div>\n\t\t\t\t\t\t\t\t\t\t<a class=\"wd-fill\" tabindex=\"-1\" href=\"https:\/\/www.niikiis.com\/blog\/agilidad-en-rrhh-como-implementarla\/\" aria-label=\"Link on post #Podcast: Agilidad en RR.HH.: C\u00f3mo implementarla en el departamento\"><\/a>\n\t\t\t\t\t\t\t\t\t\t\t\t\t\t\t\t<div class=\"wd-post-date wd-style-with-bg\">\n\t\t\t\t<span class=\"post-date-day\">\n\t\t\t\t\t13\t\t\t\t<\/span>\n\t\t\t\t<span class=\"post-date-month\">\n\t\t\t\t\tAbr\t\t\t\t<\/span>\n\t\t\t<\/div>\n\t\t\t\t\t\t\t\t\t<\/div>\n\t\t\n\t\t<div class=\"wd-post-content article-body-container\">\n\t\t\t\t\t\t\t\t\t\t\t\t<div class=\"wd-post-excerpt entry-content\">\n\t\t\t\t\t\tEn este episodio: Carmen M\u00e1\u00f1ez, consultora de Recursos Humanos y talento, lider\u00f3 la entrevista a Juan Antonio G\u00f3mez: experto en agilidad en RR.HH., consultor y formador en HRAgile.Online.\t\t\t\t\t<\/div>\n\t\t\t\t\n\t\t\t\t\t\t\t\t\t\t\t\t\t\t<div class=\"wd-post-read-more wd-style-link read-more-section\">\n\t\t\t\t\t\t<a class=\"\" href=\"https:\/\/www.niikiis.com\/blog\/agilidad-en-rrhh-como-implementarla\/\">Continue reading<\/a>\t\t\t\t\t<\/div>\n\t\t\t\t\t\t\t\t\t\t\t\n\t\t\t\t\t\t\t<div class=\"wd-share-with-lines\">\n\t\t\t\t\t<span><\/span>\n\t\t\t\t\t\t\t\t\t\t\t\t\t\t<div\n\t\t\t\t\t\tclass=\" wd-social-icons  wd-style-bordered wd-size-small social-share wd-shape-circle text-center\">\n\t\t\t\t\n\t\t\t\t\n\t\t\t\t\t\t\t\t\t<a rel=\"noopener noreferrer nofollow\" href=\"https:\/\/www.facebook.com\/sharer\/sharer.php?u=https:\/\/www.niikiis.com\/blog\/agilidad-en-rrhh-como-implementarla\/\" target=\"_blank\" class=\" wd-social-icon social-facebook\" aria-label=\"Facebook social link\">\n\t\t\t\t\t\t<span class=\"wd-icon\"><\/span>\n\t\t\t\t\t\t\t\t\t\t\t<\/a>\n\t\t\t\t\n\t\t\t\t\t\t\t\t\t<a rel=\"noopener noreferrer nofollow\" href=\"https:\/\/x.com\/share?url=https:\/\/www.niikiis.com\/blog\/agilidad-en-rrhh-como-implementarla\/\" target=\"_blank\" class=\" wd-social-icon social-twitter\" aria-label=\"X social link\">\n\t\t\t\t\t\t<span class=\"wd-icon\"><\/span>\n\t\t\t\t\t\t\t\t\t\t\t<\/a>\n\t\t\t\t\n\t\t\t\t\n\t\t\t\t\n\t\t\t\t\n\t\t\t\t\n\t\t\t\t\n\t\t\t\t\t\t\t\t\t<a rel=\"noopener noreferrer nofollow\" href=\"https:\/\/pinterest.com\/pin\/create\/button\/?url=https:\/\/www.niikiis.com\/blog\/agilidad-en-rrhh-como-implementarla\/&media=https:\/\/www.niikiis.com\/wp-content\/uploads\/2022\/04\/Blog-cover-27.png&description=%23Podcast%3A+Agilidad+en+RR.HH.%3A+C%C3%B3mo+implementarla+en+el+departamento\" target=\"_blank\" class=\" wd-social-icon social-pinterest\" aria-label=\"Pinterest social link\">\n\t\t\t\t\t\t<span class=\"wd-icon\"><\/span>\n\t\t\t\t\t\t\t\t\t\t\t<\/a>\n\t\t\t\t\n\t\t\t\t\n\t\t\t\t\t\t\t\t\t<a rel=\"noopener noreferrer nofollow\" href=\"https:\/\/www.linkedin.com\/shareArticle?mini=true&url=https:\/\/www.niikiis.com\/blog\/agilidad-en-rrhh-como-implementarla\/\" target=\"_blank\" class=\" wd-social-icon social-linkedin\" aria-label=\"Linkedin social link\">\n\t\t\t\t\t\t<span class=\"wd-icon\"><\/span>\n\t\t\t\t\t\t\t\t\t\t\t<\/a>\n\t\t\t\t\n\t\t\t\t\n\t\t\t\t\n\t\t\t\t\n\t\t\t\t\n\t\t\t\t\n\t\t\t\t\n\t\t\t\t\n\t\t\t\t\n\t\t\t\t\n\t\t\t\t\n\t\t\t\t\n\t\t\t\t\n\t\t\t\t\n\t\t\t\t\n\t\t\t\t\t\t\t\t\t<a rel=\"noopener noreferrer nofollow\" href=\"https:\/\/telegram.me\/share\/url?url=https:\/\/www.niikiis.com\/blog\/agilidad-en-rrhh-como-implementarla\/\" target=\"_blank\" class=\" wd-social-icon social-tg\" aria-label=\"Telegram social link\">\n\t\t\t\t\t\t<span class=\"wd-icon\"><\/span>\n\t\t\t\t\t\t\t\t\t\t\t<\/a>\n\t\t\t\t\n\t\t\t\t\n\t\t\t<\/div>\n\n\t\t\t\t\t\t\t\t\t\t\t\t<span><\/span>\n\t\t\t\t<\/div>\n\t\t\t\t\t<\/div>\n\t<\/div>\n<\/article>\n\n\n\t\t\t\t\t\n\t\t\t\t\t","status":"have-posts","nextPage":"https:\/\/www.niikiis.com\/blog\/category\/podcast\/page\/6\/?woo_ajax=1","currentPage":"https:\/\/www.niikiis.com\/blog\/category\/podcast\/page\/5"}