
			
				

					
				

			
		{"items":"\n\t\t\t\t\t\t\t\t\t\t\t\t\t\t<link rel=\"stylesheet\" id=\"wd-post-types-mod-categories-style-bg-css\" href=\"https:\/\/www.niikiis.com\/wp-content\/themes\/woodmart\/css\/parts\/post-types-mod-categories-style-bg.min.css?ver=8.3.3\" type=\"text\/css\" media=\"all\" \/> \t\t\t\n<article id=\"post-16259\" class=\"wd-post blog-design-default-alt blog-post-loop blog-style-flat wd-col post-16259 post type-post status-publish format-standard has-post-thumbnail hentry category-podcast\">\n\t<div class=\"wd-post-inner article-inner\">\n\t\t\t\t\t<div class=\"wd-post-cat wd-style-with-bg meta-post-categories\">\n\t\t\t\t<a href=\"https:\/\/www.niikiis.com\/blog\/category\/podcast\/\" rel=\"category tag\">Podcasts con Expertos<\/a>\t\t\t<\/div>\n\t\t\n\t\t\t\t\t<h3 class=\"wd-post-title wd-entities-title title post-title\">\n\t\t\t\t<a href=\"https:\/\/www.niikiis.com\/blog\/podcast-horeca-genz-contratar-fidelizar-talento\/\" rel=\"bookmark\">#Podcast: HORECA y Gen Z: c\u00f3mo contratar y fidelizar al talento joven<\/a>\n\t\t\t<\/h3>\n\t\t\n\t\t\t\t\t<div class=\"wd-post-meta\">\n\t\t\t\t\t\t\t\t\t\t\t<link rel=\"stylesheet\" id=\"wd-blog-mod-author-css\" href=\"https:\/\/www.niikiis.com\/wp-content\/themes\/woodmart\/css\/parts\/blog-mod-author.min.css?ver=8.3.3\" type=\"text\/css\" media=\"all\" \/> \t\t\t\t\t\t\t<div class=\"wd-post-author\">\n\t\t\t\t\t\t\t\t\t\t<span>Posted by<\/span>\n\t\t\n\t\t\t\t\t<img alt='author-avatar' src='https:\/\/secure.gravatar.com\/avatar\/7961fb26fec9435a0f78a8ceb4aeae5dbc0f111ade6f4918faa0315cba57e134?s=18&#038;d=mm&#038;r=g' srcset='https:\/\/secure.gravatar.com\/avatar\/7961fb26fec9435a0f78a8ceb4aeae5dbc0f111ade6f4918faa0315cba57e134?s=36&#038;d=mm&#038;r=g 2x' class='avatar avatar-18 photo' height='18' width='18' decoding='async'\/>\t\t\n\t\t\t\t\t<a href=\"https:\/\/www.niikiis.com\/blog\/author\/adminniikiis\/\" class=\"author\" rel=\"author\">Equipo niikiis<\/a>\n\t\t\t\t\t\t\t\t<\/div>\n\t\t\t\t<div class=\"wd-modified-date\">\n\t\t\t\t\t\t\t<time class=\"updated\" datetime=\"2023-10-06T11:38:49+00:00\">\n\t\t\t6 octubre 2023\t\t<\/time>\n\t\t\t\t\t\t<\/div>\n\n\t\t\t\t\t\t\t<\/div>\n\t\t\n\t\t\t\t\t<div class=\"wd-post-thumb entry-header\">\n\t\t\t\t\t\t\t\t\t<div class=\"wd-post-img post-img-wrapp\">\n\t\t\t\t\t\t<img width=\"560\" height=\"315\" src=\"https:\/\/www.niikiis.com\/wp-content\/uploads\/2023\/10\/Podcast-cover-2.png\" class=\"attachment-large size-large\" alt=\"\" decoding=\"async\" fetchpriority=\"high\" srcset=\"https:\/\/www.niikiis.com\/wp-content\/uploads\/2023\/10\/Podcast-cover-2.png 560w, https:\/\/www.niikiis.com\/wp-content\/uploads\/2023\/10\/Podcast-cover-2-300x169.png 300w\" sizes=\"(max-width: 560px) 100vw, 560px\" \/>\t\t\t\t\t<\/div>\n\t\t\t\t\t\t\t\t\t\t<a class=\"wd-fill\" tabindex=\"-1\" href=\"https:\/\/www.niikiis.com\/blog\/podcast-horeca-genz-contratar-fidelizar-talento\/\" aria-label=\"Link on post #Podcast: HORECA y Gen Z: c\u00f3mo contratar y fidelizar al talento joven\"><\/a>\n\t\t\t\t\t\t\t\t\t\t\t\t\t\t\t\t<link rel=\"stylesheet\" id=\"wd-post-types-mod-date-style-bg-css\" href=\"https:\/\/www.niikiis.com\/wp-content\/themes\/woodmart\/css\/parts\/post-types-mod-date-style-bg.min.css?ver=8.3.3\" type=\"text\/css\" media=\"all\" \/> \t\t\t\t\t\t<div class=\"wd-post-date wd-style-with-bg\">\n\t\t\t\t<span class=\"post-date-day\">\n\t\t\t\t\t06\t\t\t\t<\/span>\n\t\t\t\t<span class=\"post-date-month\">\n\t\t\t\t\tOct\t\t\t\t<\/span>\n\t\t\t<\/div>\n\t\t\t\t\t\t\t\t\t<\/div>\n\t\t\n\t\t<div class=\"wd-post-content article-body-container\">\n\t\t\t\t\t\t\t\t\t\t\t\t<div class=\"wd-post-excerpt entry-content\">\n\t\t\t\t\t\tEn este episodio: entrevistamos a\u00a0Marc P\u00e9rez Gorina: fundador y headhunter en Hotel Top Talent y especializado en conectar cadenas hoteleras con l\u00edderes excepcionales de la industria, fomentando relaciones y facilitando la excelencia en el sector hotelero.\r\nEn esta entrevista, hablamos sobre las principales barreras y oportunidades para contratar y fidelizar al...\t\t\t\t\t<\/div>\n\t\t\t\t\n\t\t\t\t\t\t\t\t\t\t\t\t\t\t<div class=\"wd-post-read-more wd-style-link read-more-section\">\n\t\t\t\t\t\t<a class=\"\" href=\"https:\/\/www.niikiis.com\/blog\/podcast-horeca-genz-contratar-fidelizar-talento\/\">Continue reading<\/a>\t\t\t\t\t<\/div>\n\t\t\t\t\t\t\t\t\t\t\t\n\t\t\t\t\t\t\t<div class=\"wd-share-with-lines\">\n\t\t\t\t\t<span><\/span>\n\t\t\t\t\t\t\t\t\t\t\t\t\t\t<link rel=\"stylesheet\" id=\"wd-social-icons-css\" href=\"https:\/\/www.niikiis.com\/wp-content\/themes\/woodmart\/css\/parts\/el-social-icons.min.css?ver=8.3.3\" type=\"text\/css\" media=\"all\" \/> \t\t\t\t\t\t<link rel=\"stylesheet\" id=\"wd-social-icons-styles-css\" href=\"https:\/\/www.niikiis.com\/wp-content\/themes\/woodmart\/css\/parts\/el-social-styles.min.css?ver=8.3.3\" type=\"text\/css\" media=\"all\" \/> \t\t\t\t\t\t<div\n\t\t\t\t\t\tclass=\" wd-social-icons  wd-style-bordered wd-size-small social-share wd-shape-circle text-center\">\n\t\t\t\t\n\t\t\t\t\n\t\t\t\t\t\t\t\t\t<a rel=\"noopener noreferrer nofollow\" href=\"https:\/\/www.facebook.com\/sharer\/sharer.php?u=https:\/\/www.niikiis.com\/blog\/podcast-horeca-genz-contratar-fidelizar-talento\/\" target=\"_blank\" class=\" wd-social-icon social-facebook\" aria-label=\"Facebook social link\">\n\t\t\t\t\t\t<span class=\"wd-icon\"><\/span>\n\t\t\t\t\t\t\t\t\t\t\t<\/a>\n\t\t\t\t\n\t\t\t\t\t\t\t\t\t<a rel=\"noopener noreferrer nofollow\" href=\"https:\/\/x.com\/share?url=https:\/\/www.niikiis.com\/blog\/podcast-horeca-genz-contratar-fidelizar-talento\/\" target=\"_blank\" class=\" wd-social-icon social-twitter\" aria-label=\"X social link\">\n\t\t\t\t\t\t<span class=\"wd-icon\"><\/span>\n\t\t\t\t\t\t\t\t\t\t\t<\/a>\n\t\t\t\t\n\t\t\t\t\n\t\t\t\t\n\t\t\t\t\n\t\t\t\t\n\t\t\t\t\n\t\t\t\t\t\t\t\t\t<a rel=\"noopener noreferrer nofollow\" href=\"https:\/\/pinterest.com\/pin\/create\/button\/?url=https:\/\/www.niikiis.com\/blog\/podcast-horeca-genz-contratar-fidelizar-talento\/&media=https:\/\/www.niikiis.com\/wp-content\/uploads\/2023\/10\/Podcast-cover-2.png&description=%23Podcast%3A+HORECA+y+Gen+Z%3A+c%C3%B3mo+contratar+y+fidelizar+al+talento+joven\" target=\"_blank\" class=\" wd-social-icon social-pinterest\" aria-label=\"Pinterest social link\">\n\t\t\t\t\t\t<span class=\"wd-icon\"><\/span>\n\t\t\t\t\t\t\t\t\t\t\t<\/a>\n\t\t\t\t\n\t\t\t\t\n\t\t\t\t\t\t\t\t\t<a rel=\"noopener noreferrer nofollow\" href=\"https:\/\/www.linkedin.com\/shareArticle?mini=true&url=https:\/\/www.niikiis.com\/blog\/podcast-horeca-genz-contratar-fidelizar-talento\/\" target=\"_blank\" class=\" wd-social-icon social-linkedin\" aria-label=\"Linkedin social link\">\n\t\t\t\t\t\t<span class=\"wd-icon\"><\/span>\n\t\t\t\t\t\t\t\t\t\t\t<\/a>\n\t\t\t\t\n\t\t\t\t\n\t\t\t\t\n\t\t\t\t\n\t\t\t\t\n\t\t\t\t\n\t\t\t\t\n\t\t\t\t\n\t\t\t\t\n\t\t\t\t\n\t\t\t\t\n\t\t\t\t\n\t\t\t\t\n\t\t\t\t\n\t\t\t\t\n\t\t\t\t\t\t\t\t\t<a rel=\"noopener noreferrer nofollow\" href=\"https:\/\/telegram.me\/share\/url?url=https:\/\/www.niikiis.com\/blog\/podcast-horeca-genz-contratar-fidelizar-talento\/\" target=\"_blank\" class=\" wd-social-icon social-tg\" aria-label=\"Telegram social link\">\n\t\t\t\t\t\t<span class=\"wd-icon\"><\/span>\n\t\t\t\t\t\t\t\t\t\t\t<\/a>\n\t\t\t\t\n\t\t\t\t\n\t\t\t<\/div>\n\n\t\t\t\t\t\t\t\t\t\t\t\t<span><\/span>\n\t\t\t\t<\/div>\n\t\t\t\t\t<\/div>\n\t<\/div>\n<\/article>\n\n\n\t\t\t\t\t\t\t\t\t\t\t\n<article id=\"post-16214\" class=\"wd-post blog-design-default-alt blog-post-loop blog-style-flat wd-col post-16214 post type-post status-publish format-standard has-post-thumbnail hentry category-podcast\">\n\t<div class=\"wd-post-inner article-inner\">\n\t\t\t\t\t<div class=\"wd-post-cat wd-style-with-bg meta-post-categories\">\n\t\t\t\t<a href=\"https:\/\/www.niikiis.com\/blog\/category\/podcast\/\" rel=\"category tag\">Podcasts con Expertos<\/a>\t\t\t<\/div>\n\t\t\n\t\t\t\t\t<h3 class=\"wd-post-title wd-entities-title title post-title\">\n\t\t\t\t<a href=\"https:\/\/www.niikiis.com\/blog\/podcast-liderazgo-femenino-en-hoteles-con-daniela-freund\/\" rel=\"bookmark\">#Podcast: Liderazgo femenino en hoteles, con Daniela Freund<\/a>\n\t\t\t<\/h3>\n\t\t\n\t\t\t\t\t<div class=\"wd-post-meta\">\n\t\t\t\t\t\t\t\t\t\t\t\t<div class=\"wd-post-author\">\n\t\t\t\t\t\t\t\t\t\t<span>Posted by<\/span>\n\t\t\n\t\t\t\t\t<img alt='author-avatar' src='https:\/\/secure.gravatar.com\/avatar\/7961fb26fec9435a0f78a8ceb4aeae5dbc0f111ade6f4918faa0315cba57e134?s=18&#038;d=mm&#038;r=g' srcset='https:\/\/secure.gravatar.com\/avatar\/7961fb26fec9435a0f78a8ceb4aeae5dbc0f111ade6f4918faa0315cba57e134?s=36&#038;d=mm&#038;r=g 2x' class='avatar avatar-18 photo' height='18' width='18' decoding='async'\/>\t\t\n\t\t\t\t\t<a href=\"https:\/\/www.niikiis.com\/blog\/author\/adminniikiis\/\" class=\"author\" rel=\"author\">Equipo niikiis<\/a>\n\t\t\t\t\t\t\t\t<\/div>\n\t\t\t\t<div class=\"wd-modified-date\">\n\t\t\t\t\t\t\t<time class=\"updated\" datetime=\"2023-09-26T11:16:23+00:00\">\n\t\t\t26 septiembre 2023\t\t<\/time>\n\t\t\t\t\t\t<\/div>\n\n\t\t\t\t\t\t\t<\/div>\n\t\t\n\t\t\t\t\t<div class=\"wd-post-thumb entry-header\">\n\t\t\t\t\t\t\t\t\t<div class=\"wd-post-img post-img-wrapp\">\n\t\t\t\t\t\t<img width=\"560\" height=\"315\" src=\"https:\/\/www.niikiis.com\/wp-content\/uploads\/2023\/09\/Podcast-cover-1.png\" class=\"attachment-large size-large\" alt=\"\" decoding=\"async\" loading=\"lazy\" srcset=\"https:\/\/www.niikiis.com\/wp-content\/uploads\/2023\/09\/Podcast-cover-1.png 560w, https:\/\/www.niikiis.com\/wp-content\/uploads\/2023\/09\/Podcast-cover-1-300x169.png 300w\" sizes=\"auto, (max-width: 560px) 100vw, 560px\" \/>\t\t\t\t\t<\/div>\n\t\t\t\t\t\t\t\t\t\t<a class=\"wd-fill\" tabindex=\"-1\" href=\"https:\/\/www.niikiis.com\/blog\/podcast-liderazgo-femenino-en-hoteles-con-daniela-freund\/\" aria-label=\"Link on post #Podcast: Liderazgo femenino en hoteles, con Daniela Freund\"><\/a>\n\t\t\t\t\t\t\t\t\t\t\t\t\t\t\t\t<div class=\"wd-post-date wd-style-with-bg\">\n\t\t\t\t<span class=\"post-date-day\">\n\t\t\t\t\t26\t\t\t\t<\/span>\n\t\t\t\t<span class=\"post-date-month\">\n\t\t\t\t\tSep\t\t\t\t<\/span>\n\t\t\t<\/div>\n\t\t\t\t\t\t\t\t\t<\/div>\n\t\t\n\t\t<div class=\"wd-post-content article-body-container\">\n\t\t\t\t\t\t\t\t\t\t\t\t<div class=\"wd-post-excerpt entry-content\">\n\t\t\t\t\t\tEn este episodio: entrevistamos a\u00a0Daniela Freund: experta en el \u00e1mbito del liderazgo femenino en el sector hotelero. Daniela es coordinadora del Grado en Gesti\u00f3n Tur\u00edstica y Hotelera, profesora e investigadora en IQS School of Management (URL).\r\nEn esta entrevista, hablamos sobre la desigualdad de g\u00e9nero en el sector hotelero, la brecha...\t\t\t\t\t<\/div>\n\t\t\t\t\n\t\t\t\t\t\t\t\t\t\t\t\t\t\t<div class=\"wd-post-read-more wd-style-link read-more-section\">\n\t\t\t\t\t\t<a class=\"\" href=\"https:\/\/www.niikiis.com\/blog\/podcast-liderazgo-femenino-en-hoteles-con-daniela-freund\/\">Continue reading<\/a>\t\t\t\t\t<\/div>\n\t\t\t\t\t\t\t\t\t\t\t\n\t\t\t\t\t\t\t<div class=\"wd-share-with-lines\">\n\t\t\t\t\t<span><\/span>\n\t\t\t\t\t\t\t\t\t\t\t\t\t\t<div\n\t\t\t\t\t\tclass=\" wd-social-icons  wd-style-bordered wd-size-small social-share wd-shape-circle text-center\">\n\t\t\t\t\n\t\t\t\t\n\t\t\t\t\t\t\t\t\t<a rel=\"noopener noreferrer nofollow\" href=\"https:\/\/www.facebook.com\/sharer\/sharer.php?u=https:\/\/www.niikiis.com\/blog\/podcast-liderazgo-femenino-en-hoteles-con-daniela-freund\/\" target=\"_blank\" class=\" wd-social-icon social-facebook\" aria-label=\"Facebook social link\">\n\t\t\t\t\t\t<span class=\"wd-icon\"><\/span>\n\t\t\t\t\t\t\t\t\t\t\t<\/a>\n\t\t\t\t\n\t\t\t\t\t\t\t\t\t<a rel=\"noopener noreferrer nofollow\" href=\"https:\/\/x.com\/share?url=https:\/\/www.niikiis.com\/blog\/podcast-liderazgo-femenino-en-hoteles-con-daniela-freund\/\" target=\"_blank\" class=\" wd-social-icon social-twitter\" aria-label=\"X social link\">\n\t\t\t\t\t\t<span class=\"wd-icon\"><\/span>\n\t\t\t\t\t\t\t\t\t\t\t<\/a>\n\t\t\t\t\n\t\t\t\t\n\t\t\t\t\n\t\t\t\t\n\t\t\t\t\n\t\t\t\t\n\t\t\t\t\t\t\t\t\t<a rel=\"noopener noreferrer nofollow\" href=\"https:\/\/pinterest.com\/pin\/create\/button\/?url=https:\/\/www.niikiis.com\/blog\/podcast-liderazgo-femenino-en-hoteles-con-daniela-freund\/&media=https:\/\/www.niikiis.com\/wp-content\/uploads\/2023\/09\/Podcast-cover-1.png&description=%23Podcast%3A+Liderazgo+femenino+en+hoteles%2C+con+Daniela+Freund\" target=\"_blank\" class=\" wd-social-icon social-pinterest\" aria-label=\"Pinterest social link\">\n\t\t\t\t\t\t<span class=\"wd-icon\"><\/span>\n\t\t\t\t\t\t\t\t\t\t\t<\/a>\n\t\t\t\t\n\t\t\t\t\n\t\t\t\t\t\t\t\t\t<a rel=\"noopener noreferrer nofollow\" href=\"https:\/\/www.linkedin.com\/shareArticle?mini=true&url=https:\/\/www.niikiis.com\/blog\/podcast-liderazgo-femenino-en-hoteles-con-daniela-freund\/\" target=\"_blank\" class=\" wd-social-icon social-linkedin\" aria-label=\"Linkedin social link\">\n\t\t\t\t\t\t<span class=\"wd-icon\"><\/span>\n\t\t\t\t\t\t\t\t\t\t\t<\/a>\n\t\t\t\t\n\t\t\t\t\n\t\t\t\t\n\t\t\t\t\n\t\t\t\t\n\t\t\t\t\n\t\t\t\t\n\t\t\t\t\n\t\t\t\t\n\t\t\t\t\n\t\t\t\t\n\t\t\t\t\n\t\t\t\t\n\t\t\t\t\n\t\t\t\t\n\t\t\t\t\t\t\t\t\t<a rel=\"noopener noreferrer nofollow\" href=\"https:\/\/telegram.me\/share\/url?url=https:\/\/www.niikiis.com\/blog\/podcast-liderazgo-femenino-en-hoteles-con-daniela-freund\/\" target=\"_blank\" class=\" wd-social-icon social-tg\" aria-label=\"Telegram social link\">\n\t\t\t\t\t\t<span class=\"wd-icon\"><\/span>\n\t\t\t\t\t\t\t\t\t\t\t<\/a>\n\t\t\t\t\n\t\t\t\t\n\t\t\t<\/div>\n\n\t\t\t\t\t\t\t\t\t\t\t\t<span><\/span>\n\t\t\t\t<\/div>\n\t\t\t\t\t<\/div>\n\t<\/div>\n<\/article>\n\n\n\t\t\t\t\t\t\t\t\t\t\t\n<article id=\"post-16046\" class=\"wd-post blog-design-default-alt blog-post-loop blog-style-flat wd-col post-16046 post type-post status-publish format-standard has-post-thumbnail hentry category-podcast\">\n\t<div class=\"wd-post-inner article-inner\">\n\t\t\t\t\t<div class=\"wd-post-cat wd-style-with-bg meta-post-categories\">\n\t\t\t\t<a href=\"https:\/\/www.niikiis.com\/blog\/category\/podcast\/\" rel=\"category tag\">Podcasts con Expertos<\/a>\t\t\t<\/div>\n\t\t\n\t\t\t\t\t<h3 class=\"wd-post-title wd-entities-title title post-title\">\n\t\t\t\t<a href=\"https:\/\/www.niikiis.com\/blog\/podcast-beneficios-digitalizacion-hoteles-rodolfo-hidalgo\/\" rel=\"bookmark\">#Podcast: Los beneficios de la digitalizaci\u00f3n en hoteles, con Rodolfo Hidalgo<\/a>\n\t\t\t<\/h3>\n\t\t\n\t\t\t\t\t<div class=\"wd-post-meta\">\n\t\t\t\t\t\t\t\t\t\t\t\t<div class=\"wd-post-author\">\n\t\t\t\t\t\t\t\t\t\t<span>Posted by<\/span>\n\t\t\n\t\t\t\t\t<img alt='author-avatar' src='https:\/\/secure.gravatar.com\/avatar\/7961fb26fec9435a0f78a8ceb4aeae5dbc0f111ade6f4918faa0315cba57e134?s=18&#038;d=mm&#038;r=g' srcset='https:\/\/secure.gravatar.com\/avatar\/7961fb26fec9435a0f78a8ceb4aeae5dbc0f111ade6f4918faa0315cba57e134?s=36&#038;d=mm&#038;r=g 2x' class='avatar avatar-18 photo' height='18' width='18' loading='lazy' decoding='async'\/>\t\t\n\t\t\t\t\t<a href=\"https:\/\/www.niikiis.com\/blog\/author\/adminniikiis\/\" class=\"author\" rel=\"author\">Equipo niikiis<\/a>\n\t\t\t\t\t\t\t\t<\/div>\n\t\t\t\t<div class=\"wd-modified-date\">\n\t\t\t\t\t\t\t<time class=\"updated\" datetime=\"2023-08-23T08:31:01+00:00\">\n\t\t\t23 agosto 2023\t\t<\/time>\n\t\t\t\t\t\t<\/div>\n\n\t\t\t\t\t\t\t<\/div>\n\t\t\n\t\t\t\t\t<div class=\"wd-post-thumb entry-header\">\n\t\t\t\t\t\t\t\t\t<div class=\"wd-post-img post-img-wrapp\">\n\t\t\t\t\t\t<img width=\"560\" height=\"315\" src=\"https:\/\/www.niikiis.com\/wp-content\/uploads\/2023\/08\/Podcast-cover.png\" class=\"attachment-large size-large\" alt=\"Los beneficios de la digitalizaci\u00f3n en hoteles con Rodolfo Hidalgo, director del hotel Central Park Aqua Resort de Guitart Hotels.\" decoding=\"async\" loading=\"lazy\" srcset=\"https:\/\/www.niikiis.com\/wp-content\/uploads\/2023\/08\/Podcast-cover.png 560w, https:\/\/www.niikiis.com\/wp-content\/uploads\/2023\/08\/Podcast-cover-300x169.png 300w\" sizes=\"auto, (max-width: 560px) 100vw, 560px\" \/>\t\t\t\t\t<\/div>\n\t\t\t\t\t\t\t\t\t\t<a class=\"wd-fill\" tabindex=\"-1\" href=\"https:\/\/www.niikiis.com\/blog\/podcast-beneficios-digitalizacion-hoteles-rodolfo-hidalgo\/\" aria-label=\"Link on post #Podcast: Los beneficios de la digitalizaci\u00f3n en hoteles, con Rodolfo Hidalgo\"><\/a>\n\t\t\t\t\t\t\t\t\t\t\t\t\t\t\t\t<div class=\"wd-post-date wd-style-with-bg\">\n\t\t\t\t<span class=\"post-date-day\">\n\t\t\t\t\t23\t\t\t\t<\/span>\n\t\t\t\t<span class=\"post-date-month\">\n\t\t\t\t\tAgo\t\t\t\t<\/span>\n\t\t\t<\/div>\n\t\t\t\t\t\t\t\t\t<\/div>\n\t\t\n\t\t<div class=\"wd-post-content article-body-container\">\n\t\t\t\t\t\t\t\t\t\t\t\t<div class=\"wd-post-excerpt entry-content\">\n\t\t\t\t\t\tEn este episodio: entrevistamos a Rodolfo Hidalgo: director del hotel Central Park Aqua Resort de Guitart Hotels.\r\nEl tema fue \"Los beneficios de la digitalizaci\u00f3n en hoteles\".\u00a0Puedes escuchar la entrevista en LinkedIn, YouTube, o tu plataforma de p\u00f3dcast preferida.\t\t\t\t\t<\/div>\n\t\t\t\t\n\t\t\t\t\t\t\t\t\t\t\t\t\t\t<div class=\"wd-post-read-more wd-style-link read-more-section\">\n\t\t\t\t\t\t<a class=\"\" href=\"https:\/\/www.niikiis.com\/blog\/podcast-beneficios-digitalizacion-hoteles-rodolfo-hidalgo\/\">Continue reading<\/a>\t\t\t\t\t<\/div>\n\t\t\t\t\t\t\t\t\t\t\t\n\t\t\t\t\t\t\t<div class=\"wd-share-with-lines\">\n\t\t\t\t\t<span><\/span>\n\t\t\t\t\t\t\t\t\t\t\t\t\t\t<div\n\t\t\t\t\t\tclass=\" wd-social-icons  wd-style-bordered wd-size-small social-share wd-shape-circle text-center\">\n\t\t\t\t\n\t\t\t\t\n\t\t\t\t\t\t\t\t\t<a rel=\"noopener noreferrer nofollow\" href=\"https:\/\/www.facebook.com\/sharer\/sharer.php?u=https:\/\/www.niikiis.com\/blog\/podcast-beneficios-digitalizacion-hoteles-rodolfo-hidalgo\/\" target=\"_blank\" class=\" wd-social-icon social-facebook\" aria-label=\"Facebook social link\">\n\t\t\t\t\t\t<span class=\"wd-icon\"><\/span>\n\t\t\t\t\t\t\t\t\t\t\t<\/a>\n\t\t\t\t\n\t\t\t\t\t\t\t\t\t<a rel=\"noopener noreferrer nofollow\" href=\"https:\/\/x.com\/share?url=https:\/\/www.niikiis.com\/blog\/podcast-beneficios-digitalizacion-hoteles-rodolfo-hidalgo\/\" target=\"_blank\" class=\" wd-social-icon social-twitter\" aria-label=\"X social link\">\n\t\t\t\t\t\t<span class=\"wd-icon\"><\/span>\n\t\t\t\t\t\t\t\t\t\t\t<\/a>\n\t\t\t\t\n\t\t\t\t\n\t\t\t\t\n\t\t\t\t\n\t\t\t\t\n\t\t\t\t\n\t\t\t\t\t\t\t\t\t<a rel=\"noopener noreferrer nofollow\" href=\"https:\/\/pinterest.com\/pin\/create\/button\/?url=https:\/\/www.niikiis.com\/blog\/podcast-beneficios-digitalizacion-hoteles-rodolfo-hidalgo\/&media=https:\/\/www.niikiis.com\/wp-content\/uploads\/2023\/08\/Podcast-cover.png&description=%23Podcast%3A+Los+beneficios+de+la+digitalizaci%C3%B3n+en+hoteles%2C+con+Rodolfo+Hidalgo\" target=\"_blank\" class=\" wd-social-icon social-pinterest\" aria-label=\"Pinterest social link\">\n\t\t\t\t\t\t<span class=\"wd-icon\"><\/span>\n\t\t\t\t\t\t\t\t\t\t\t<\/a>\n\t\t\t\t\n\t\t\t\t\n\t\t\t\t\t\t\t\t\t<a rel=\"noopener noreferrer nofollow\" href=\"https:\/\/www.linkedin.com\/shareArticle?mini=true&url=https:\/\/www.niikiis.com\/blog\/podcast-beneficios-digitalizacion-hoteles-rodolfo-hidalgo\/\" target=\"_blank\" class=\" wd-social-icon social-linkedin\" aria-label=\"Linkedin social link\">\n\t\t\t\t\t\t<span class=\"wd-icon\"><\/span>\n\t\t\t\t\t\t\t\t\t\t\t<\/a>\n\t\t\t\t\n\t\t\t\t\n\t\t\t\t\n\t\t\t\t\n\t\t\t\t\n\t\t\t\t\n\t\t\t\t\n\t\t\t\t\n\t\t\t\t\n\t\t\t\t\n\t\t\t\t\n\t\t\t\t\n\t\t\t\t\n\t\t\t\t\n\t\t\t\t\n\t\t\t\t\t\t\t\t\t<a rel=\"noopener noreferrer nofollow\" href=\"https:\/\/telegram.me\/share\/url?url=https:\/\/www.niikiis.com\/blog\/podcast-beneficios-digitalizacion-hoteles-rodolfo-hidalgo\/\" target=\"_blank\" class=\" wd-social-icon social-tg\" aria-label=\"Telegram social link\">\n\t\t\t\t\t\t<span class=\"wd-icon\"><\/span>\n\t\t\t\t\t\t\t\t\t\t\t<\/a>\n\t\t\t\t\n\t\t\t\t\n\t\t\t<\/div>\n\n\t\t\t\t\t\t\t\t\t\t\t\t<span><\/span>\n\t\t\t\t<\/div>\n\t\t\t\t\t<\/div>\n\t<\/div>\n<\/article>\n\n\n\t\t\t\t\t\t\t\t\t\t\t\n<article id=\"post-15672\" class=\"wd-post blog-design-default-alt blog-post-loop blog-style-flat wd-col post-15672 post type-post status-publish format-video has-post-thumbnail hentry category-podcast post_format-post-format-video\">\n\t<div class=\"wd-post-inner article-inner\">\n\t\t\t\t\t<div class=\"wd-post-cat wd-style-with-bg meta-post-categories\">\n\t\t\t\t<a href=\"https:\/\/www.niikiis.com\/blog\/category\/podcast\/\" rel=\"category tag\">Podcasts con Expertos<\/a>\t\t\t<\/div>\n\t\t\n\t\t\t\t\t<h3 class=\"wd-post-title wd-entities-title title post-title\">\n\t\t\t\t<a href=\"https:\/\/www.niikiis.com\/blog\/podcast-gestion-retencion-talento-hoteles\/\" rel=\"bookmark\">#Podcast: Descubre las claves del \u00e9xito en la gesti\u00f3n y retenci\u00f3n de talento en hoteles, con Ricard Santom\u00e0<\/a>\n\t\t\t<\/h3>\n\t\t\n\t\t\t\t\t<div class=\"wd-post-meta\">\n\t\t\t\t\t\t\t\t\t\t\t\t<div class=\"wd-post-author\">\n\t\t\t\t\t\t\t\t\t\t<span>Posted by<\/span>\n\t\t\n\t\t\t\t\t<img alt='author-avatar' src='https:\/\/secure.gravatar.com\/avatar\/7961fb26fec9435a0f78a8ceb4aeae5dbc0f111ade6f4918faa0315cba57e134?s=18&#038;d=mm&#038;r=g' srcset='https:\/\/secure.gravatar.com\/avatar\/7961fb26fec9435a0f78a8ceb4aeae5dbc0f111ade6f4918faa0315cba57e134?s=36&#038;d=mm&#038;r=g 2x' class='avatar avatar-18 photo' height='18' width='18' loading='lazy' decoding='async'\/>\t\t\n\t\t\t\t\t<a href=\"https:\/\/www.niikiis.com\/blog\/author\/adminniikiis\/\" class=\"author\" rel=\"author\">Equipo niikiis<\/a>\n\t\t\t\t\t\t\t\t<\/div>\n\t\t\t\t<div class=\"wd-modified-date\">\n\t\t\t\t\t\t\t<time class=\"updated\" datetime=\"2023-07-19T11:45:31+00:00\">\n\t\t\t19 julio 2023\t\t<\/time>\n\t\t\t\t\t\t<\/div>\n\n\t\t\t\t\t\t\t<\/div>\n\t\t\n\t\t\t\t\t<div class=\"wd-post-thumb entry-header\">\n\t\t\t\t\t\t\t\t\t<div class=\"wd-post-img post-img-wrapp\">\n\t\t\t\t\t\t<img width=\"560\" height=\"315\" src=\"https:\/\/www.niikiis.com\/wp-content\/uploads\/2023\/07\/Podcast-cover.jpg\" class=\"attachment-large size-large\" alt=\"\" decoding=\"async\" loading=\"lazy\" srcset=\"https:\/\/www.niikiis.com\/wp-content\/uploads\/2023\/07\/Podcast-cover.jpg 560w, https:\/\/www.niikiis.com\/wp-content\/uploads\/2023\/07\/Podcast-cover-300x169.jpg 300w\" sizes=\"auto, (max-width: 560px) 100vw, 560px\" \/>\t\t\t\t\t<\/div>\n\t\t\t\t\t\t\t\t\t\t<a class=\"wd-fill\" tabindex=\"-1\" href=\"https:\/\/www.niikiis.com\/blog\/podcast-gestion-retencion-talento-hoteles\/\" aria-label=\"Link on post #Podcast: Descubre las claves del \u00e9xito en la gesti\u00f3n y retenci\u00f3n de talento en hoteles, con Ricard Santom\u00e0\"><\/a>\n\t\t\t\t\t\t\t\t\t\t\t\t\t\t\t\t<div class=\"wd-post-date wd-style-with-bg\">\n\t\t\t\t<span class=\"post-date-day\">\n\t\t\t\t\t14\t\t\t\t<\/span>\n\t\t\t\t<span class=\"post-date-month\">\n\t\t\t\t\tJul\t\t\t\t<\/span>\n\t\t\t<\/div>\n\t\t\t\t\t\t\t\t\t<\/div>\n\t\t\n\t\t<div class=\"wd-post-content article-body-container\">\n\t\t\t\t\t\t\t\t\t\t\t\t<div class=\"wd-post-excerpt entry-content\">\n\t\t\t\t\t\tEn este episodio: entrevistamos a Ricard Santom\u00e0: Vicedecano de Turismo en IQS (School of Management de la Universitat Ramon Llull).\r\nEl tema fue \"Descubre las claves del \u00e9xito en la gesti\u00f3n y retenci\u00f3n de talento en hoteles\".\u00a0Puedes escuchar la entrevista en LinkedIn, YouTube, o tu plataforma de p\u00f3dcast preferida.\t\t\t\t\t<\/div>\n\t\t\t\t\n\t\t\t\t\t\t\t\t\t\t\t\t\t\t<div class=\"wd-post-read-more wd-style-link read-more-section\">\n\t\t\t\t\t\t<a class=\"\" href=\"https:\/\/www.niikiis.com\/blog\/podcast-gestion-retencion-talento-hoteles\/\">Continue reading<\/a>\t\t\t\t\t<\/div>\n\t\t\t\t\t\t\t\t\t\t\t\n\t\t\t\t\t\t\t<div class=\"wd-share-with-lines\">\n\t\t\t\t\t<span><\/span>\n\t\t\t\t\t\t\t\t\t\t\t\t\t\t<div\n\t\t\t\t\t\tclass=\" wd-social-icons  wd-style-bordered wd-size-small social-share wd-shape-circle text-center\">\n\t\t\t\t\n\t\t\t\t\n\t\t\t\t\t\t\t\t\t<a rel=\"noopener noreferrer nofollow\" href=\"https:\/\/www.facebook.com\/sharer\/sharer.php?u=https:\/\/www.niikiis.com\/blog\/podcast-gestion-retencion-talento-hoteles\/\" target=\"_blank\" class=\" wd-social-icon social-facebook\" aria-label=\"Facebook social link\">\n\t\t\t\t\t\t<span class=\"wd-icon\"><\/span>\n\t\t\t\t\t\t\t\t\t\t\t<\/a>\n\t\t\t\t\n\t\t\t\t\t\t\t\t\t<a rel=\"noopener noreferrer nofollow\" href=\"https:\/\/x.com\/share?url=https:\/\/www.niikiis.com\/blog\/podcast-gestion-retencion-talento-hoteles\/\" target=\"_blank\" class=\" wd-social-icon social-twitter\" aria-label=\"X social link\">\n\t\t\t\t\t\t<span class=\"wd-icon\"><\/span>\n\t\t\t\t\t\t\t\t\t\t\t<\/a>\n\t\t\t\t\n\t\t\t\t\n\t\t\t\t\n\t\t\t\t\n\t\t\t\t\n\t\t\t\t\n\t\t\t\t\t\t\t\t\t<a rel=\"noopener noreferrer nofollow\" href=\"https:\/\/pinterest.com\/pin\/create\/button\/?url=https:\/\/www.niikiis.com\/blog\/podcast-gestion-retencion-talento-hoteles\/&media=https:\/\/www.niikiis.com\/wp-content\/uploads\/2023\/07\/Podcast-cover.jpg&description=%23Podcast%3A+Descubre+las+claves+del+%C3%A9xito+en+la+gesti%C3%B3n+y+retenci%C3%B3n+de+talento+en+hoteles%2C+con+Ricard+Santom%C3%A0\" target=\"_blank\" class=\" wd-social-icon social-pinterest\" aria-label=\"Pinterest social link\">\n\t\t\t\t\t\t<span class=\"wd-icon\"><\/span>\n\t\t\t\t\t\t\t\t\t\t\t<\/a>\n\t\t\t\t\n\t\t\t\t\n\t\t\t\t\t\t\t\t\t<a rel=\"noopener noreferrer nofollow\" href=\"https:\/\/www.linkedin.com\/shareArticle?mini=true&url=https:\/\/www.niikiis.com\/blog\/podcast-gestion-retencion-talento-hoteles\/\" target=\"_blank\" class=\" wd-social-icon social-linkedin\" aria-label=\"Linkedin social link\">\n\t\t\t\t\t\t<span class=\"wd-icon\"><\/span>\n\t\t\t\t\t\t\t\t\t\t\t<\/a>\n\t\t\t\t\n\t\t\t\t\n\t\t\t\t\n\t\t\t\t\n\t\t\t\t\n\t\t\t\t\n\t\t\t\t\n\t\t\t\t\n\t\t\t\t\n\t\t\t\t\n\t\t\t\t\n\t\t\t\t\n\t\t\t\t\n\t\t\t\t\n\t\t\t\t\n\t\t\t\t\t\t\t\t\t<a rel=\"noopener noreferrer nofollow\" href=\"https:\/\/telegram.me\/share\/url?url=https:\/\/www.niikiis.com\/blog\/podcast-gestion-retencion-talento-hoteles\/\" target=\"_blank\" class=\" wd-social-icon social-tg\" aria-label=\"Telegram social link\">\n\t\t\t\t\t\t<span class=\"wd-icon\"><\/span>\n\t\t\t\t\t\t\t\t\t\t\t<\/a>\n\t\t\t\t\n\t\t\t\t\n\t\t\t<\/div>\n\n\t\t\t\t\t\t\t\t\t\t\t\t<span><\/span>\n\t\t\t\t<\/div>\n\t\t\t\t\t<\/div>\n\t<\/div>\n<\/article>\n\n\n\t\t\t\t\t\t\t\t\t\t\t\n<article id=\"post-15660\" class=\"wd-post blog-design-default-alt blog-post-loop blog-style-flat wd-col post-15660 post type-post status-publish format-video has-post-thumbnail hentry category-podcast post_format-post-format-video\">\n\t<div class=\"wd-post-inner article-inner\">\n\t\t\t\t\t<div class=\"wd-post-cat wd-style-with-bg meta-post-categories\">\n\t\t\t\t<a href=\"https:\/\/www.niikiis.com\/blog\/category\/podcast\/\" rel=\"category tag\">Podcasts con Expertos<\/a>\t\t\t<\/div>\n\t\t\n\t\t\t\t\t<h3 class=\"wd-post-title wd-entities-title title post-title\">\n\t\t\t\t<a href=\"https:\/\/www.niikiis.com\/blog\/podcast-comites-etica\/\" rel=\"bookmark\">#Podcast: La br\u00fajula moral de las empresas: los comit\u00e9s de \u00e9tica, con Gabriela V\u00e1zquez<\/a>\n\t\t\t<\/h3>\n\t\t\n\t\t\t\t\t<div class=\"wd-post-meta\">\n\t\t\t\t\t\t\t\t\t\t\t\t<div class=\"wd-post-author\">\n\t\t\t\t\t\t\t\t\t\t<span>Posted by<\/span>\n\t\t\n\t\t\t\t\t<img alt='author-avatar' src='https:\/\/secure.gravatar.com\/avatar\/7961fb26fec9435a0f78a8ceb4aeae5dbc0f111ade6f4918faa0315cba57e134?s=18&#038;d=mm&#038;r=g' srcset='https:\/\/secure.gravatar.com\/avatar\/7961fb26fec9435a0f78a8ceb4aeae5dbc0f111ade6f4918faa0315cba57e134?s=36&#038;d=mm&#038;r=g 2x' class='avatar avatar-18 photo' height='18' width='18' loading='lazy' decoding='async'\/>\t\t\n\t\t\t\t\t<a href=\"https:\/\/www.niikiis.com\/blog\/author\/adminniikiis\/\" class=\"author\" rel=\"author\">Equipo niikiis<\/a>\n\t\t\t\t\t\t\t\t<\/div>\n\t\t\t\t<div class=\"wd-modified-date\">\n\t\t\t\t\t\t\t<time class=\"updated\" datetime=\"2023-07-12T10:32:44+00:00\">\n\t\t\t12 julio 2023\t\t<\/time>\n\t\t\t\t\t\t<\/div>\n\n\t\t\t\t\t\t\t<\/div>\n\t\t\n\t\t\t\t\t<div class=\"wd-post-thumb entry-header\">\n\t\t\t\t\t\t\t\t\t<div class=\"wd-post-img post-img-wrapp\">\n\t\t\t\t\t\t<img width=\"560\" height=\"315\" src=\"https:\/\/www.niikiis.com\/wp-content\/uploads\/2023\/06\/Blog-cover-NO-USAR.png\" class=\"attachment-large size-large\" alt=\"\" decoding=\"async\" loading=\"lazy\" srcset=\"https:\/\/www.niikiis.com\/wp-content\/uploads\/2023\/06\/Blog-cover-NO-USAR.png 560w, https:\/\/www.niikiis.com\/wp-content\/uploads\/2023\/06\/Blog-cover-NO-USAR-300x169.png 300w\" sizes=\"auto, (max-width: 560px) 100vw, 560px\" \/>\t\t\t\t\t<\/div>\n\t\t\t\t\t\t\t\t\t\t<a class=\"wd-fill\" tabindex=\"-1\" href=\"https:\/\/www.niikiis.com\/blog\/podcast-comites-etica\/\" aria-label=\"Link on post #Podcast: La br\u00fajula moral de las empresas: los comit\u00e9s de \u00e9tica, con Gabriela V\u00e1zquez\"><\/a>\n\t\t\t\t\t\t\t\t\t\t\t\t\t\t\t\t<div class=\"wd-post-date wd-style-with-bg\">\n\t\t\t\t<span class=\"post-date-day\">\n\t\t\t\t\t21\t\t\t\t<\/span>\n\t\t\t\t<span class=\"post-date-month\">\n\t\t\t\t\tJun\t\t\t\t<\/span>\n\t\t\t<\/div>\n\t\t\t\t\t\t\t\t\t<\/div>\n\t\t\n\t\t<div class=\"wd-post-content article-body-container\">\n\t\t\t\t\t\t\t\t\t\t\t\t<div class=\"wd-post-excerpt entry-content\">\n\t\t\t\t\t\tEn este episodio: entrevistamos a Gabriela V\u00e1zquez: Directora de Factor Humano en Credicer.\r\nEl tema fue \"La br\u00fajula moral de las empresas: los comit\u00e9s de \u00e9tica\".\u00a0Puedes escuchar la entrevista en LinkedIn, YouTube, o tu plataforma de p\u00f3dcast preferida.\t\t\t\t\t<\/div>\n\t\t\t\t\n\t\t\t\t\t\t\t\t\t\t\t\t\t\t<div class=\"wd-post-read-more wd-style-link read-more-section\">\n\t\t\t\t\t\t<a class=\"\" href=\"https:\/\/www.niikiis.com\/blog\/podcast-comites-etica\/\">Continue reading<\/a>\t\t\t\t\t<\/div>\n\t\t\t\t\t\t\t\t\t\t\t\n\t\t\t\t\t\t\t<div class=\"wd-share-with-lines\">\n\t\t\t\t\t<span><\/span>\n\t\t\t\t\t\t\t\t\t\t\t\t\t\t<div\n\t\t\t\t\t\tclass=\" wd-social-icons  wd-style-bordered wd-size-small social-share wd-shape-circle text-center\">\n\t\t\t\t\n\t\t\t\t\n\t\t\t\t\t\t\t\t\t<a rel=\"noopener noreferrer nofollow\" href=\"https:\/\/www.facebook.com\/sharer\/sharer.php?u=https:\/\/www.niikiis.com\/blog\/podcast-comites-etica\/\" target=\"_blank\" class=\" wd-social-icon social-facebook\" aria-label=\"Facebook social link\">\n\t\t\t\t\t\t<span class=\"wd-icon\"><\/span>\n\t\t\t\t\t\t\t\t\t\t\t<\/a>\n\t\t\t\t\n\t\t\t\t\t\t\t\t\t<a rel=\"noopener noreferrer nofollow\" href=\"https:\/\/x.com\/share?url=https:\/\/www.niikiis.com\/blog\/podcast-comites-etica\/\" target=\"_blank\" class=\" wd-social-icon social-twitter\" aria-label=\"X social link\">\n\t\t\t\t\t\t<span class=\"wd-icon\"><\/span>\n\t\t\t\t\t\t\t\t\t\t\t<\/a>\n\t\t\t\t\n\t\t\t\t\n\t\t\t\t\n\t\t\t\t\n\t\t\t\t\n\t\t\t\t\n\t\t\t\t\t\t\t\t\t<a rel=\"noopener noreferrer nofollow\" href=\"https:\/\/pinterest.com\/pin\/create\/button\/?url=https:\/\/www.niikiis.com\/blog\/podcast-comites-etica\/&media=https:\/\/www.niikiis.com\/wp-content\/uploads\/2023\/06\/Blog-cover-NO-USAR.png&description=%23Podcast%3A+La+br%C3%BAjula+moral+de+las+empresas%3A+los+comit%C3%A9s+de+%C3%A9tica%2C+con+Gabriela+V%C3%A1zquez\" target=\"_blank\" class=\" wd-social-icon social-pinterest\" aria-label=\"Pinterest social link\">\n\t\t\t\t\t\t<span class=\"wd-icon\"><\/span>\n\t\t\t\t\t\t\t\t\t\t\t<\/a>\n\t\t\t\t\n\t\t\t\t\n\t\t\t\t\t\t\t\t\t<a rel=\"noopener noreferrer nofollow\" href=\"https:\/\/www.linkedin.com\/shareArticle?mini=true&url=https:\/\/www.niikiis.com\/blog\/podcast-comites-etica\/\" target=\"_blank\" class=\" wd-social-icon social-linkedin\" aria-label=\"Linkedin social link\">\n\t\t\t\t\t\t<span class=\"wd-icon\"><\/span>\n\t\t\t\t\t\t\t\t\t\t\t<\/a>\n\t\t\t\t\n\t\t\t\t\n\t\t\t\t\n\t\t\t\t\n\t\t\t\t\n\t\t\t\t\n\t\t\t\t\n\t\t\t\t\n\t\t\t\t\n\t\t\t\t\n\t\t\t\t\n\t\t\t\t\n\t\t\t\t\n\t\t\t\t\n\t\t\t\t\n\t\t\t\t\t\t\t\t\t<a rel=\"noopener noreferrer nofollow\" href=\"https:\/\/telegram.me\/share\/url?url=https:\/\/www.niikiis.com\/blog\/podcast-comites-etica\/\" target=\"_blank\" class=\" wd-social-icon social-tg\" aria-label=\"Telegram social link\">\n\t\t\t\t\t\t<span class=\"wd-icon\"><\/span>\n\t\t\t\t\t\t\t\t\t\t\t<\/a>\n\t\t\t\t\n\t\t\t\t\n\t\t\t<\/div>\n\n\t\t\t\t\t\t\t\t\t\t\t\t<span><\/span>\n\t\t\t\t<\/div>\n\t\t\t\t\t<\/div>\n\t<\/div>\n<\/article>\n\n\n\t\t\t\t\t\t\t\t\t\t\t\n<article id=\"post-15653\" class=\"wd-post blog-design-default-alt blog-post-loop blog-style-flat wd-col post-15653 post type-post status-publish format-video has-post-thumbnail hentry category-podcast post_format-post-format-video\">\n\t<div class=\"wd-post-inner article-inner\">\n\t\t\t\t\t<div class=\"wd-post-cat wd-style-with-bg meta-post-categories\">\n\t\t\t\t<a href=\"https:\/\/www.niikiis.com\/blog\/category\/podcast\/\" rel=\"category tag\">Podcasts con Expertos<\/a>\t\t\t<\/div>\n\t\t\n\t\t\t\t\t<h3 class=\"wd-post-title wd-entities-title title post-title\">\n\t\t\t\t<a href=\"https:\/\/www.niikiis.com\/blog\/podcast-chatgpt-bernat\/\" rel=\"bookmark\">#Podcast: ChatGPT: la IA que transforma la gesti\u00f3n de personas, con Bernat L\u00f3pez<\/a>\n\t\t\t<\/h3>\n\t\t\n\t\t\t\t\t<div class=\"wd-post-meta\">\n\t\t\t\t\t\t\t\t\t\t\t\t<div class=\"wd-post-author\">\n\t\t\t\t\t\t\t\t\t\t<span>Posted by<\/span>\n\t\t\n\t\t\t\t\t<img alt='author-avatar' src='https:\/\/secure.gravatar.com\/avatar\/7961fb26fec9435a0f78a8ceb4aeae5dbc0f111ade6f4918faa0315cba57e134?s=18&#038;d=mm&#038;r=g' srcset='https:\/\/secure.gravatar.com\/avatar\/7961fb26fec9435a0f78a8ceb4aeae5dbc0f111ade6f4918faa0315cba57e134?s=36&#038;d=mm&#038;r=g 2x' class='avatar avatar-18 photo' height='18' width='18' loading='lazy' decoding='async'\/>\t\t\n\t\t\t\t\t<a href=\"https:\/\/www.niikiis.com\/blog\/author\/adminniikiis\/\" class=\"author\" rel=\"author\">Equipo niikiis<\/a>\n\t\t\t\t\t\t\t\t<\/div>\n\t\t\t\t<div class=\"wd-modified-date\">\n\t\t\t\t\t\t\t<time class=\"updated\" datetime=\"2023-07-12T09:53:18+00:00\">\n\t\t\t12 julio 2023\t\t<\/time>\n\t\t\t\t\t\t<\/div>\n\n\t\t\t\t\t\t\t<\/div>\n\t\t\n\t\t\t\t\t<div class=\"wd-post-thumb entry-header\">\n\t\t\t\t\t\t\t\t\t<div class=\"wd-post-img post-img-wrapp\">\n\t\t\t\t\t\t<img width=\"560\" height=\"315\" src=\"https:\/\/www.niikiis.com\/wp-content\/uploads\/2023\/04\/Blog-cover-NO-USAR-1.jpg\" class=\"attachment-large size-large\" alt=\"\" decoding=\"async\" loading=\"lazy\" srcset=\"https:\/\/www.niikiis.com\/wp-content\/uploads\/2023\/04\/Blog-cover-NO-USAR-1.jpg 560w, https:\/\/www.niikiis.com\/wp-content\/uploads\/2023\/04\/Blog-cover-NO-USAR-1-300x169.jpg 300w\" sizes=\"auto, (max-width: 560px) 100vw, 560px\" \/>\t\t\t\t\t<\/div>\n\t\t\t\t\t\t\t\t\t\t<a class=\"wd-fill\" tabindex=\"-1\" href=\"https:\/\/www.niikiis.com\/blog\/podcast-chatgpt-bernat\/\" aria-label=\"Link on post #Podcast: ChatGPT: la IA que transforma la gesti\u00f3n de personas, con Bernat L\u00f3pez\"><\/a>\n\t\t\t\t\t\t\t\t\t\t\t\t\t\t\t\t<div class=\"wd-post-date wd-style-with-bg\">\n\t\t\t\t<span class=\"post-date-day\">\n\t\t\t\t\t26\t\t\t\t<\/span>\n\t\t\t\t<span class=\"post-date-month\">\n\t\t\t\t\tMay\t\t\t\t<\/span>\n\t\t\t<\/div>\n\t\t\t\t\t\t\t\t\t<\/div>\n\t\t\n\t\t<div class=\"wd-post-content article-body-container\">\n\t\t\t\t\t\t\t\t\t\t\t\t<div class=\"wd-post-excerpt entry-content\">\n\t\t\t\t\t\tEn este episodio: entrevistamos a Bernat L\u00f3pez: cofundador, CPO y CTO en niikiis.\r\nEl tema fue \"ChatGPT: La IA que transforma la gesti\u00f3n de personas\".\u00a0Puedes escuchar la entrevista en LinkedIn, YouTube, o tu plataforma de p\u00f3dcast preferida.\t\t\t\t\t<\/div>\n\t\t\t\t\n\t\t\t\t\t\t\t\t\t\t\t\t\t\t<div class=\"wd-post-read-more wd-style-link read-more-section\">\n\t\t\t\t\t\t<a class=\"\" href=\"https:\/\/www.niikiis.com\/blog\/podcast-chatgpt-bernat\/\">Continue reading<\/a>\t\t\t\t\t<\/div>\n\t\t\t\t\t\t\t\t\t\t\t\n\t\t\t\t\t\t\t<div class=\"wd-share-with-lines\">\n\t\t\t\t\t<span><\/span>\n\t\t\t\t\t\t\t\t\t\t\t\t\t\t<div\n\t\t\t\t\t\tclass=\" wd-social-icons  wd-style-bordered wd-size-small social-share wd-shape-circle text-center\">\n\t\t\t\t\n\t\t\t\t\n\t\t\t\t\t\t\t\t\t<a rel=\"noopener noreferrer nofollow\" href=\"https:\/\/www.facebook.com\/sharer\/sharer.php?u=https:\/\/www.niikiis.com\/blog\/podcast-chatgpt-bernat\/\" target=\"_blank\" class=\" wd-social-icon social-facebook\" aria-label=\"Facebook social link\">\n\t\t\t\t\t\t<span class=\"wd-icon\"><\/span>\n\t\t\t\t\t\t\t\t\t\t\t<\/a>\n\t\t\t\t\n\t\t\t\t\t\t\t\t\t<a rel=\"noopener noreferrer nofollow\" href=\"https:\/\/x.com\/share?url=https:\/\/www.niikiis.com\/blog\/podcast-chatgpt-bernat\/\" target=\"_blank\" class=\" wd-social-icon social-twitter\" aria-label=\"X social link\">\n\t\t\t\t\t\t<span class=\"wd-icon\"><\/span>\n\t\t\t\t\t\t\t\t\t\t\t<\/a>\n\t\t\t\t\n\t\t\t\t\n\t\t\t\t\n\t\t\t\t\n\t\t\t\t\n\t\t\t\t\n\t\t\t\t\t\t\t\t\t<a rel=\"noopener noreferrer nofollow\" href=\"https:\/\/pinterest.com\/pin\/create\/button\/?url=https:\/\/www.niikiis.com\/blog\/podcast-chatgpt-bernat\/&media=https:\/\/www.niikiis.com\/wp-content\/uploads\/2023\/04\/Blog-cover-NO-USAR-1.jpg&description=%23Podcast%3A+ChatGPT%3A+la+IA+que+transforma+la+gesti%C3%B3n+de+personas%2C+con+Bernat+L%C3%B3pez\" target=\"_blank\" class=\" wd-social-icon social-pinterest\" aria-label=\"Pinterest social link\">\n\t\t\t\t\t\t<span class=\"wd-icon\"><\/span>\n\t\t\t\t\t\t\t\t\t\t\t<\/a>\n\t\t\t\t\n\t\t\t\t\n\t\t\t\t\t\t\t\t\t<a rel=\"noopener noreferrer nofollow\" href=\"https:\/\/www.linkedin.com\/shareArticle?mini=true&url=https:\/\/www.niikiis.com\/blog\/podcast-chatgpt-bernat\/\" target=\"_blank\" class=\" wd-social-icon social-linkedin\" aria-label=\"Linkedin social link\">\n\t\t\t\t\t\t<span class=\"wd-icon\"><\/span>\n\t\t\t\t\t\t\t\t\t\t\t<\/a>\n\t\t\t\t\n\t\t\t\t\n\t\t\t\t\n\t\t\t\t\n\t\t\t\t\n\t\t\t\t\n\t\t\t\t\n\t\t\t\t\n\t\t\t\t\n\t\t\t\t\n\t\t\t\t\n\t\t\t\t\n\t\t\t\t\n\t\t\t\t\n\t\t\t\t\n\t\t\t\t\t\t\t\t\t<a rel=\"noopener noreferrer nofollow\" href=\"https:\/\/telegram.me\/share\/url?url=https:\/\/www.niikiis.com\/blog\/podcast-chatgpt-bernat\/\" target=\"_blank\" class=\" wd-social-icon social-tg\" aria-label=\"Telegram social link\">\n\t\t\t\t\t\t<span class=\"wd-icon\"><\/span>\n\t\t\t\t\t\t\t\t\t\t\t<\/a>\n\t\t\t\t\n\t\t\t\t\n\t\t\t<\/div>\n\n\t\t\t\t\t\t\t\t\t\t\t\t<span><\/span>\n\t\t\t\t<\/div>\n\t\t\t\t\t<\/div>\n\t<\/div>\n<\/article>\n\n\n\t\t\t\t\t\t\t\t\t\t\t\n<article id=\"post-13718\" class=\"wd-post blog-design-default-alt blog-post-loop blog-style-flat wd-col post-13718 post type-post status-publish format-video has-post-thumbnail hentry category-podcast post_format-post-format-video\">\n\t<div class=\"wd-post-inner article-inner\">\n\t\t\t\t\t<div class=\"wd-post-cat wd-style-with-bg meta-post-categories\">\n\t\t\t\t<a href=\"https:\/\/www.niikiis.com\/blog\/category\/podcast\/\" rel=\"category tag\">Podcasts con Expertos<\/a>\t\t\t<\/div>\n\t\t\n\t\t\t\t\t<h3 class=\"wd-post-title wd-entities-title title post-title\">\n\t\t\t\t<a href=\"https:\/\/www.niikiis.com\/blog\/podcast-bienestar-laboral-salud-mental\/\" rel=\"bookmark\">#Podcast: Fomenta el bienestar laboral, con Patricia Villanova<\/a>\n\t\t\t<\/h3>\n\t\t\n\t\t\t\t\t<div class=\"wd-post-meta\">\n\t\t\t\t\t\t\t\t\t\t\t\t<div class=\"wd-post-author\">\n\t\t\t\t\t\t\t\t\t\t<span>Posted by<\/span>\n\t\t\n\t\t\t\t\t<img alt='author-avatar' src='https:\/\/secure.gravatar.com\/avatar\/7961fb26fec9435a0f78a8ceb4aeae5dbc0f111ade6f4918faa0315cba57e134?s=18&#038;d=mm&#038;r=g' srcset='https:\/\/secure.gravatar.com\/avatar\/7961fb26fec9435a0f78a8ceb4aeae5dbc0f111ade6f4918faa0315cba57e134?s=36&#038;d=mm&#038;r=g 2x' class='avatar avatar-18 photo' height='18' width='18' loading='lazy' decoding='async'\/>\t\t\n\t\t\t\t\t<a href=\"https:\/\/www.niikiis.com\/blog\/author\/adminniikiis\/\" class=\"author\" rel=\"author\">Equipo niikiis<\/a>\n\t\t\t\t\t\t\t\t<\/div>\n\t\t\t\t<div class=\"wd-modified-date\">\n\t\t\t\t\t\t\t<time class=\"updated\" datetime=\"2023-04-14T10:01:42+00:00\">\n\t\t\t14 abril 2023\t\t<\/time>\n\t\t\t\t\t\t<\/div>\n\n\t\t\t\t\t\t\t<\/div>\n\t\t\n\t\t\t\t\t<div class=\"wd-post-thumb entry-header\">\n\t\t\t\t\t\t\t\t\t<div class=\"wd-post-img post-img-wrapp\">\n\t\t\t\t\t\t<img width=\"560\" height=\"315\" src=\"https:\/\/www.niikiis.com\/wp-content\/uploads\/2023\/04\/Blog-cover-4.png\" class=\"attachment-large size-large\" alt=\"\" decoding=\"async\" loading=\"lazy\" srcset=\"https:\/\/www.niikiis.com\/wp-content\/uploads\/2023\/04\/Blog-cover-4.png 560w, https:\/\/www.niikiis.com\/wp-content\/uploads\/2023\/04\/Blog-cover-4-300x169.png 300w\" sizes=\"auto, (max-width: 560px) 100vw, 560px\" \/>\t\t\t\t\t<\/div>\n\t\t\t\t\t\t\t\t\t\t<a class=\"wd-fill\" tabindex=\"-1\" href=\"https:\/\/www.niikiis.com\/blog\/podcast-bienestar-laboral-salud-mental\/\" aria-label=\"Link on post #Podcast: Fomenta el bienestar laboral, con Patricia Villanova\"><\/a>\n\t\t\t\t\t\t\t\t\t\t\t\t\t\t\t\t<div class=\"wd-post-date wd-style-with-bg\">\n\t\t\t\t<span class=\"post-date-day\">\n\t\t\t\t\t14\t\t\t\t<\/span>\n\t\t\t\t<span class=\"post-date-month\">\n\t\t\t\t\tAbr\t\t\t\t<\/span>\n\t\t\t<\/div>\n\t\t\t\t\t\t\t\t\t<\/div>\n\t\t\n\t\t<div class=\"wd-post-content article-body-container\">\n\t\t\t\t\t\t\t\t\t\t\t\t<div class=\"wd-post-excerpt entry-content\">\n\t\t\t\t\t\tEn este episodio: entrevistamos a Patricia Villanova: Human Capital Director en Raona, psic\u00f3loga, coach, mentora y Top 10 HR Influencer 2022 by Go Integro.\r\nEl tema fue \"Fomenta el bienestar laboral: tips para cuidar la salud mental de tu equipo\".\u00a0Puedes escuchar la entrevista en LinkedIn, YouTube, o tu plataforma de p\u00f3dcast...\t\t\t\t\t<\/div>\n\t\t\t\t\n\t\t\t\t\t\t\t\t\t\t\t\t\t\t<div class=\"wd-post-read-more wd-style-link read-more-section\">\n\t\t\t\t\t\t<a class=\"\" href=\"https:\/\/www.niikiis.com\/blog\/podcast-bienestar-laboral-salud-mental\/\">Continue reading<\/a>\t\t\t\t\t<\/div>\n\t\t\t\t\t\t\t\t\t\t\t\n\t\t\t\t\t\t\t<div class=\"wd-share-with-lines\">\n\t\t\t\t\t<span><\/span>\n\t\t\t\t\t\t\t\t\t\t\t\t\t\t<div\n\t\t\t\t\t\tclass=\" wd-social-icons  wd-style-bordered wd-size-small social-share wd-shape-circle text-center\">\n\t\t\t\t\n\t\t\t\t\n\t\t\t\t\t\t\t\t\t<a rel=\"noopener noreferrer nofollow\" href=\"https:\/\/www.facebook.com\/sharer\/sharer.php?u=https:\/\/www.niikiis.com\/blog\/podcast-bienestar-laboral-salud-mental\/\" target=\"_blank\" class=\" wd-social-icon social-facebook\" aria-label=\"Facebook social link\">\n\t\t\t\t\t\t<span class=\"wd-icon\"><\/span>\n\t\t\t\t\t\t\t\t\t\t\t<\/a>\n\t\t\t\t\n\t\t\t\t\t\t\t\t\t<a rel=\"noopener noreferrer nofollow\" href=\"https:\/\/x.com\/share?url=https:\/\/www.niikiis.com\/blog\/podcast-bienestar-laboral-salud-mental\/\" target=\"_blank\" class=\" wd-social-icon social-twitter\" aria-label=\"X social link\">\n\t\t\t\t\t\t<span class=\"wd-icon\"><\/span>\n\t\t\t\t\t\t\t\t\t\t\t<\/a>\n\t\t\t\t\n\t\t\t\t\n\t\t\t\t\n\t\t\t\t\n\t\t\t\t\n\t\t\t\t\n\t\t\t\t\t\t\t\t\t<a rel=\"noopener noreferrer nofollow\" href=\"https:\/\/pinterest.com\/pin\/create\/button\/?url=https:\/\/www.niikiis.com\/blog\/podcast-bienestar-laboral-salud-mental\/&media=https:\/\/www.niikiis.com\/wp-content\/uploads\/2023\/04\/Blog-cover-4.png&description=%23Podcast%3A+Fomenta+el+bienestar+laboral%2C+con+Patricia+Villanova\" target=\"_blank\" class=\" wd-social-icon social-pinterest\" aria-label=\"Pinterest social link\">\n\t\t\t\t\t\t<span class=\"wd-icon\"><\/span>\n\t\t\t\t\t\t\t\t\t\t\t<\/a>\n\t\t\t\t\n\t\t\t\t\n\t\t\t\t\t\t\t\t\t<a rel=\"noopener noreferrer nofollow\" href=\"https:\/\/www.linkedin.com\/shareArticle?mini=true&url=https:\/\/www.niikiis.com\/blog\/podcast-bienestar-laboral-salud-mental\/\" target=\"_blank\" class=\" wd-social-icon social-linkedin\" aria-label=\"Linkedin social link\">\n\t\t\t\t\t\t<span class=\"wd-icon\"><\/span>\n\t\t\t\t\t\t\t\t\t\t\t<\/a>\n\t\t\t\t\n\t\t\t\t\n\t\t\t\t\n\t\t\t\t\n\t\t\t\t\n\t\t\t\t\n\t\t\t\t\n\t\t\t\t\n\t\t\t\t\n\t\t\t\t\n\t\t\t\t\n\t\t\t\t\n\t\t\t\t\n\t\t\t\t\n\t\t\t\t\n\t\t\t\t\t\t\t\t\t<a rel=\"noopener noreferrer nofollow\" href=\"https:\/\/telegram.me\/share\/url?url=https:\/\/www.niikiis.com\/blog\/podcast-bienestar-laboral-salud-mental\/\" target=\"_blank\" class=\" wd-social-icon social-tg\" aria-label=\"Telegram social link\">\n\t\t\t\t\t\t<span class=\"wd-icon\"><\/span>\n\t\t\t\t\t\t\t\t\t\t\t<\/a>\n\t\t\t\t\n\t\t\t\t\n\t\t\t<\/div>\n\n\t\t\t\t\t\t\t\t\t\t\t\t<span><\/span>\n\t\t\t\t<\/div>\n\t\t\t\t\t<\/div>\n\t<\/div>\n<\/article>\n\n\n\t\t\t\t\t\t\t\t\t\t\t\n<article id=\"post-13641\" class=\"wd-post blog-design-default-alt blog-post-loop blog-style-flat wd-col post-13641 post type-post status-publish format-video has-post-thumbnail hentry category-podcast post_format-post-format-video\">\n\t<div class=\"wd-post-inner article-inner\">\n\t\t\t\t\t<div class=\"wd-post-cat wd-style-with-bg meta-post-categories\">\n\t\t\t\t<a href=\"https:\/\/www.niikiis.com\/blog\/category\/podcast\/\" rel=\"category tag\">Podcasts con Expertos<\/a>\t\t\t<\/div>\n\t\t\n\t\t\t\t\t<h3 class=\"wd-post-title wd-entities-title title post-title\">\n\t\t\t\t<a href=\"https:\/\/www.niikiis.com\/blog\/podcast-formacion-hosteleria-buenas-practicas\/\" rel=\"bookmark\">#Podcast: Formaci\u00f3n en hosteler\u00eda, con Armando Diaz<\/a>\n\t\t\t<\/h3>\n\t\t\n\t\t\t\t\t<div class=\"wd-post-meta\">\n\t\t\t\t\t\t\t\t\t\t\t\t<div class=\"wd-post-author\">\n\t\t\t\t\t\t\t\t\t\t<span>Posted by<\/span>\n\t\t\n\t\t\t\t\t<img alt='author-avatar' src='https:\/\/secure.gravatar.com\/avatar\/7961fb26fec9435a0f78a8ceb4aeae5dbc0f111ade6f4918faa0315cba57e134?s=18&#038;d=mm&#038;r=g' srcset='https:\/\/secure.gravatar.com\/avatar\/7961fb26fec9435a0f78a8ceb4aeae5dbc0f111ade6f4918faa0315cba57e134?s=36&#038;d=mm&#038;r=g 2x' class='avatar avatar-18 photo' height='18' width='18' loading='lazy' decoding='async'\/>\t\t\n\t\t\t\t\t<a href=\"https:\/\/www.niikiis.com\/blog\/author\/adminniikiis\/\" class=\"author\" rel=\"author\">Equipo niikiis<\/a>\n\t\t\t\t\t\t\t\t<\/div>\n\t\t\t\t<div class=\"wd-modified-date\">\n\t\t\t\t\t\t\t<time class=\"updated\" datetime=\"2023-03-31T08:52:48+00:00\">\n\t\t\t31 marzo 2023\t\t<\/time>\n\t\t\t\t\t\t<\/div>\n\n\t\t\t\t\t\t\t<\/div>\n\t\t\n\t\t\t\t\t<div class=\"wd-post-thumb entry-header\">\n\t\t\t\t\t\t\t\t\t<div class=\"wd-post-img post-img-wrapp\">\n\t\t\t\t\t\t<img width=\"560\" height=\"315\" src=\"https:\/\/www.niikiis.com\/wp-content\/uploads\/2023\/03\/Blog-cover-4.png\" class=\"attachment-large size-large\" alt=\"\" decoding=\"async\" loading=\"lazy\" srcset=\"https:\/\/www.niikiis.com\/wp-content\/uploads\/2023\/03\/Blog-cover-4.png 560w, https:\/\/www.niikiis.com\/wp-content\/uploads\/2023\/03\/Blog-cover-4-300x169.png 300w\" sizes=\"auto, (max-width: 560px) 100vw, 560px\" \/>\t\t\t\t\t<\/div>\n\t\t\t\t\t\t\t\t\t\t<a class=\"wd-fill\" tabindex=\"-1\" href=\"https:\/\/www.niikiis.com\/blog\/podcast-formacion-hosteleria-buenas-practicas\/\" aria-label=\"Link on post #Podcast: Formaci\u00f3n en hosteler\u00eda, con Armando Diaz\"><\/a>\n\t\t\t\t\t\t\t\t\t\t\t\t\t\t\t\t<div class=\"wd-post-date wd-style-with-bg\">\n\t\t\t\t<span class=\"post-date-day\">\n\t\t\t\t\t31\t\t\t\t<\/span>\n\t\t\t\t<span class=\"post-date-month\">\n\t\t\t\t\tMar\t\t\t\t<\/span>\n\t\t\t<\/div>\n\t\t\t\t\t\t\t\t\t<\/div>\n\t\t\n\t\t<div class=\"wd-post-content article-body-container\">\n\t\t\t\t\t\t\t\t\t\t\t\t<div class=\"wd-post-excerpt entry-content\">\n\t\t\t\t\t\tEn este episodio: entrevistamos a Armando dos Santos Diaz: Training Manager del Hotel Crowne Plaza Vilamoura, con m\u00e1s de 25 a\u00f1os de experiencia en hoteles de Colombia, Venezuela y Portugal.\r\nEl tema fue \"Formaci\u00f3n en hosteler\u00eda: buenas pr\u00e1cticas para hacer a los equipos m\u00e1s competitivos\".\u00a0Puedes escuchar la entrevista en LinkedIn, YouTube,...\t\t\t\t\t<\/div>\n\t\t\t\t\n\t\t\t\t\t\t\t\t\t\t\t\t\t\t<div class=\"wd-post-read-more wd-style-link read-more-section\">\n\t\t\t\t\t\t<a class=\"\" href=\"https:\/\/www.niikiis.com\/blog\/podcast-formacion-hosteleria-buenas-practicas\/\">Continue reading<\/a>\t\t\t\t\t<\/div>\n\t\t\t\t\t\t\t\t\t\t\t\n\t\t\t\t\t\t\t<div class=\"wd-share-with-lines\">\n\t\t\t\t\t<span><\/span>\n\t\t\t\t\t\t\t\t\t\t\t\t\t\t<div\n\t\t\t\t\t\tclass=\" wd-social-icons  wd-style-bordered wd-size-small social-share wd-shape-circle text-center\">\n\t\t\t\t\n\t\t\t\t\n\t\t\t\t\t\t\t\t\t<a rel=\"noopener noreferrer nofollow\" href=\"https:\/\/www.facebook.com\/sharer\/sharer.php?u=https:\/\/www.niikiis.com\/blog\/podcast-formacion-hosteleria-buenas-practicas\/\" target=\"_blank\" class=\" wd-social-icon social-facebook\" aria-label=\"Facebook social link\">\n\t\t\t\t\t\t<span class=\"wd-icon\"><\/span>\n\t\t\t\t\t\t\t\t\t\t\t<\/a>\n\t\t\t\t\n\t\t\t\t\t\t\t\t\t<a rel=\"noopener noreferrer nofollow\" href=\"https:\/\/x.com\/share?url=https:\/\/www.niikiis.com\/blog\/podcast-formacion-hosteleria-buenas-practicas\/\" target=\"_blank\" class=\" wd-social-icon social-twitter\" aria-label=\"X social link\">\n\t\t\t\t\t\t<span class=\"wd-icon\"><\/span>\n\t\t\t\t\t\t\t\t\t\t\t<\/a>\n\t\t\t\t\n\t\t\t\t\n\t\t\t\t\n\t\t\t\t\n\t\t\t\t\n\t\t\t\t\n\t\t\t\t\t\t\t\t\t<a rel=\"noopener noreferrer nofollow\" href=\"https:\/\/pinterest.com\/pin\/create\/button\/?url=https:\/\/www.niikiis.com\/blog\/podcast-formacion-hosteleria-buenas-practicas\/&media=https:\/\/www.niikiis.com\/wp-content\/uploads\/2023\/03\/Blog-cover-4.png&description=%23Podcast%3A+Formaci%C3%B3n+en+hosteler%C3%ADa%2C+con+Armando+Diaz\" target=\"_blank\" class=\" wd-social-icon social-pinterest\" aria-label=\"Pinterest social link\">\n\t\t\t\t\t\t<span class=\"wd-icon\"><\/span>\n\t\t\t\t\t\t\t\t\t\t\t<\/a>\n\t\t\t\t\n\t\t\t\t\n\t\t\t\t\t\t\t\t\t<a rel=\"noopener noreferrer nofollow\" href=\"https:\/\/www.linkedin.com\/shareArticle?mini=true&url=https:\/\/www.niikiis.com\/blog\/podcast-formacion-hosteleria-buenas-practicas\/\" target=\"_blank\" class=\" wd-social-icon social-linkedin\" aria-label=\"Linkedin social link\">\n\t\t\t\t\t\t<span class=\"wd-icon\"><\/span>\n\t\t\t\t\t\t\t\t\t\t\t<\/a>\n\t\t\t\t\n\t\t\t\t\n\t\t\t\t\n\t\t\t\t\n\t\t\t\t\n\t\t\t\t\n\t\t\t\t\n\t\t\t\t\n\t\t\t\t\n\t\t\t\t\n\t\t\t\t\n\t\t\t\t\n\t\t\t\t\n\t\t\t\t\n\t\t\t\t\n\t\t\t\t\t\t\t\t\t<a rel=\"noopener noreferrer nofollow\" href=\"https:\/\/telegram.me\/share\/url?url=https:\/\/www.niikiis.com\/blog\/podcast-formacion-hosteleria-buenas-practicas\/\" target=\"_blank\" class=\" wd-social-icon social-tg\" aria-label=\"Telegram social link\">\n\t\t\t\t\t\t<span class=\"wd-icon\"><\/span>\n\t\t\t\t\t\t\t\t\t\t\t<\/a>\n\t\t\t\t\n\t\t\t\t\n\t\t\t<\/div>\n\n\t\t\t\t\t\t\t\t\t\t\t\t<span><\/span>\n\t\t\t\t<\/div>\n\t\t\t\t\t<\/div>\n\t<\/div>\n<\/article>\n\n\n\t\t\t\t\t\t\t\t\t\t\t\n<article id=\"post-13553\" class=\"wd-post blog-design-default-alt blog-post-loop blog-style-flat wd-col post-13553 post type-post status-publish format-video has-post-thumbnail hentry category-podcast post_format-post-format-video\">\n\t<div class=\"wd-post-inner article-inner\">\n\t\t\t\t\t<div class=\"wd-post-cat wd-style-with-bg meta-post-categories\">\n\t\t\t\t<a href=\"https:\/\/www.niikiis.com\/blog\/category\/podcast\/\" rel=\"category tag\">Podcasts con Expertos<\/a>\t\t\t<\/div>\n\t\t\n\t\t\t\t\t<h3 class=\"wd-post-title wd-entities-title title post-title\">\n\t\t\t\t<a href=\"https:\/\/www.niikiis.com\/blog\/podcast-objetivos-empresa-desempeno-exitoso\/\" rel=\"bookmark\">#Podcast: Objetivos de empresa: claves para un desempe\u00f1o exitoso<\/a>\n\t\t\t<\/h3>\n\t\t\n\t\t\t\t\t<div class=\"wd-post-meta\">\n\t\t\t\t\t\t\t\t\t\t\t\t<div class=\"wd-post-author\">\n\t\t\t\t\t\t\t\t\t\t<span>Posted by<\/span>\n\t\t\n\t\t\t\t\t<img alt='author-avatar' src='https:\/\/secure.gravatar.com\/avatar\/7961fb26fec9435a0f78a8ceb4aeae5dbc0f111ade6f4918faa0315cba57e134?s=18&#038;d=mm&#038;r=g' srcset='https:\/\/secure.gravatar.com\/avatar\/7961fb26fec9435a0f78a8ceb4aeae5dbc0f111ade6f4918faa0315cba57e134?s=36&#038;d=mm&#038;r=g 2x' class='avatar avatar-18 photo' height='18' width='18' loading='lazy' decoding='async'\/>\t\t\n\t\t\t\t\t<a href=\"https:\/\/www.niikiis.com\/blog\/author\/adminniikiis\/\" class=\"author\" rel=\"author\">Equipo niikiis<\/a>\n\t\t\t\t\t\t\t\t<\/div>\n\t\t\t\t<div class=\"wd-modified-date\">\n\t\t\t\t\t\t\t<time class=\"updated\" datetime=\"2023-03-17T11:20:32+00:00\">\n\t\t\t17 marzo 2023\t\t<\/time>\n\t\t\t\t\t\t<\/div>\n\n\t\t\t\t\t\t\t<\/div>\n\t\t\n\t\t\t\t\t<div class=\"wd-post-thumb entry-header\">\n\t\t\t\t\t\t\t\t\t<div class=\"wd-post-img post-img-wrapp\">\n\t\t\t\t\t\t<img width=\"560\" height=\"315\" src=\"https:\/\/www.niikiis.com\/wp-content\/uploads\/2023\/03\/Blog-cover-3-1.png\" class=\"attachment-large size-large\" alt=\"\" decoding=\"async\" loading=\"lazy\" srcset=\"https:\/\/www.niikiis.com\/wp-content\/uploads\/2023\/03\/Blog-cover-3-1.png 560w, https:\/\/www.niikiis.com\/wp-content\/uploads\/2023\/03\/Blog-cover-3-1-300x169.png 300w\" sizes=\"auto, (max-width: 560px) 100vw, 560px\" \/>\t\t\t\t\t<\/div>\n\t\t\t\t\t\t\t\t\t\t<a class=\"wd-fill\" tabindex=\"-1\" href=\"https:\/\/www.niikiis.com\/blog\/podcast-objetivos-empresa-desempeno-exitoso\/\" aria-label=\"Link on post #Podcast: Objetivos de empresa: claves para un desempe\u00f1o exitoso\"><\/a>\n\t\t\t\t\t\t\t\t\t\t\t\t\t\t\t\t<div class=\"wd-post-date wd-style-with-bg\">\n\t\t\t\t<span class=\"post-date-day\">\n\t\t\t\t\t17\t\t\t\t<\/span>\n\t\t\t\t<span class=\"post-date-month\">\n\t\t\t\t\tMar\t\t\t\t<\/span>\n\t\t\t<\/div>\n\t\t\t\t\t\t\t\t\t<\/div>\n\t\t\n\t\t<div class=\"wd-post-content article-body-container\">\n\t\t\t\t\t\t\t\t\t\t\t\t<div class=\"wd-post-excerpt entry-content\">\n\t\t\t\t\t\tEn este episodio: entrevistamos a Miguel Burgos: conferenciante, investigador y consultor de Gesti\u00f3n de Personas y Desarrollo de Empresas\r\nEl tema fue \"Objetivos de empresa: claves para un desempe\u00f1o exitoso\".\u00a0Puedes escuchar la entrevista en LinkedIn, YouTube, Spotify o tu plataforma de p\u00f3dcast preferida aqu\u00ed:\r\n\ufeff\t\t\t\t\t<\/div>\n\t\t\t\t\n\t\t\t\t\t\t\t\t\t\t\t\t\t\t<div class=\"wd-post-read-more wd-style-link read-more-section\">\n\t\t\t\t\t\t<a class=\"\" href=\"https:\/\/www.niikiis.com\/blog\/podcast-objetivos-empresa-desempeno-exitoso\/\">Continue reading<\/a>\t\t\t\t\t<\/div>\n\t\t\t\t\t\t\t\t\t\t\t\n\t\t\t\t\t\t\t<div class=\"wd-share-with-lines\">\n\t\t\t\t\t<span><\/span>\n\t\t\t\t\t\t\t\t\t\t\t\t\t\t<div\n\t\t\t\t\t\tclass=\" wd-social-icons  wd-style-bordered wd-size-small social-share wd-shape-circle text-center\">\n\t\t\t\t\n\t\t\t\t\n\t\t\t\t\t\t\t\t\t<a rel=\"noopener noreferrer nofollow\" href=\"https:\/\/www.facebook.com\/sharer\/sharer.php?u=https:\/\/www.niikiis.com\/blog\/podcast-objetivos-empresa-desempeno-exitoso\/\" target=\"_blank\" class=\" wd-social-icon social-facebook\" aria-label=\"Facebook social link\">\n\t\t\t\t\t\t<span class=\"wd-icon\"><\/span>\n\t\t\t\t\t\t\t\t\t\t\t<\/a>\n\t\t\t\t\n\t\t\t\t\t\t\t\t\t<a rel=\"noopener noreferrer nofollow\" href=\"https:\/\/x.com\/share?url=https:\/\/www.niikiis.com\/blog\/podcast-objetivos-empresa-desempeno-exitoso\/\" target=\"_blank\" class=\" wd-social-icon social-twitter\" aria-label=\"X social link\">\n\t\t\t\t\t\t<span class=\"wd-icon\"><\/span>\n\t\t\t\t\t\t\t\t\t\t\t<\/a>\n\t\t\t\t\n\t\t\t\t\n\t\t\t\t\n\t\t\t\t\n\t\t\t\t\n\t\t\t\t\n\t\t\t\t\t\t\t\t\t<a rel=\"noopener noreferrer nofollow\" href=\"https:\/\/pinterest.com\/pin\/create\/button\/?url=https:\/\/www.niikiis.com\/blog\/podcast-objetivos-empresa-desempeno-exitoso\/&media=https:\/\/www.niikiis.com\/wp-content\/uploads\/2023\/03\/Blog-cover-3-1.png&description=%23Podcast%3A+Objetivos+de+empresa%3A+claves+para+un+desempe%C3%B1o+exitoso\" target=\"_blank\" class=\" wd-social-icon social-pinterest\" aria-label=\"Pinterest social link\">\n\t\t\t\t\t\t<span class=\"wd-icon\"><\/span>\n\t\t\t\t\t\t\t\t\t\t\t<\/a>\n\t\t\t\t\n\t\t\t\t\n\t\t\t\t\t\t\t\t\t<a rel=\"noopener noreferrer nofollow\" href=\"https:\/\/www.linkedin.com\/shareArticle?mini=true&url=https:\/\/www.niikiis.com\/blog\/podcast-objetivos-empresa-desempeno-exitoso\/\" target=\"_blank\" class=\" wd-social-icon social-linkedin\" aria-label=\"Linkedin social link\">\n\t\t\t\t\t\t<span class=\"wd-icon\"><\/span>\n\t\t\t\t\t\t\t\t\t\t\t<\/a>\n\t\t\t\t\n\t\t\t\t\n\t\t\t\t\n\t\t\t\t\n\t\t\t\t\n\t\t\t\t\n\t\t\t\t\n\t\t\t\t\n\t\t\t\t\n\t\t\t\t\n\t\t\t\t\n\t\t\t\t\n\t\t\t\t\n\t\t\t\t\n\t\t\t\t\n\t\t\t\t\t\t\t\t\t<a rel=\"noopener noreferrer nofollow\" href=\"https:\/\/telegram.me\/share\/url?url=https:\/\/www.niikiis.com\/blog\/podcast-objetivos-empresa-desempeno-exitoso\/\" target=\"_blank\" class=\" wd-social-icon social-tg\" aria-label=\"Telegram social link\">\n\t\t\t\t\t\t<span class=\"wd-icon\"><\/span>\n\t\t\t\t\t\t\t\t\t\t\t<\/a>\n\t\t\t\t\n\t\t\t\t\n\t\t\t<\/div>\n\n\t\t\t\t\t\t\t\t\t\t\t\t<span><\/span>\n\t\t\t\t<\/div>\n\t\t\t\t\t<\/div>\n\t<\/div>\n<\/article>\n\n\n\t\t\t\t\t\t\t\t\t\t\t\n<article id=\"post-13519\" class=\"wd-post blog-design-default-alt blog-post-loop blog-style-flat wd-col post-13519 post type-post status-publish format-video has-post-thumbnail hentry category-podcast post_format-post-format-video\">\n\t<div class=\"wd-post-inner article-inner\">\n\t\t\t\t\t<div class=\"wd-post-cat wd-style-with-bg meta-post-categories\">\n\t\t\t\t<a href=\"https:\/\/www.niikiis.com\/blog\/category\/podcast\/\" rel=\"category tag\">Podcasts con Expertos<\/a>\t\t\t<\/div>\n\t\t\n\t\t\t\t\t<h3 class=\"wd-post-title wd-entities-title title post-title\">\n\t\t\t\t<a href=\"https:\/\/www.niikiis.com\/blog\/podcast-por-que-nos-cuesta-cambiar\/\" rel=\"bookmark\">#Podcast: \u00bfPor qu\u00e9 a las personas y a las empresas nos cuesta cambiar?<\/a>\n\t\t\t<\/h3>\n\t\t\n\t\t\t\t\t<div class=\"wd-post-meta\">\n\t\t\t\t\t\t\t\t\t\t\t\t<div class=\"wd-post-author\">\n\t\t\t\t\t\t\t\t\t\t<span>Posted by<\/span>\n\t\t\n\t\t\t\t\t<img alt='author-avatar' src='https:\/\/secure.gravatar.com\/avatar\/7961fb26fec9435a0f78a8ceb4aeae5dbc0f111ade6f4918faa0315cba57e134?s=18&#038;d=mm&#038;r=g' srcset='https:\/\/secure.gravatar.com\/avatar\/7961fb26fec9435a0f78a8ceb4aeae5dbc0f111ade6f4918faa0315cba57e134?s=36&#038;d=mm&#038;r=g 2x' class='avatar avatar-18 photo' height='18' width='18' loading='lazy' decoding='async'\/>\t\t\n\t\t\t\t\t<a href=\"https:\/\/www.niikiis.com\/blog\/author\/adminniikiis\/\" class=\"author\" rel=\"author\">Equipo niikiis<\/a>\n\t\t\t\t\t\t\t\t<\/div>\n\t\t\t\t<div class=\"wd-modified-date\">\n\t\t\t\t\t\t\t<time class=\"updated\" datetime=\"2023-03-03T11:31:13+00:00\">\n\t\t\t3 marzo 2023\t\t<\/time>\n\t\t\t\t\t\t<\/div>\n\n\t\t\t\t\t\t\t<\/div>\n\t\t\n\t\t\t\t\t<div class=\"wd-post-thumb entry-header\">\n\t\t\t\t\t\t\t\t\t<div class=\"wd-post-img post-img-wrapp\">\n\t\t\t\t\t\t<img width=\"560\" height=\"315\" src=\"https:\/\/www.niikiis.com\/wp-content\/uploads\/2023\/03\/Blog-cover-1.png\" class=\"attachment-large size-large\" alt=\"\" decoding=\"async\" loading=\"lazy\" srcset=\"https:\/\/www.niikiis.com\/wp-content\/uploads\/2023\/03\/Blog-cover-1.png 560w, https:\/\/www.niikiis.com\/wp-content\/uploads\/2023\/03\/Blog-cover-1-300x169.png 300w\" sizes=\"auto, (max-width: 560px) 100vw, 560px\" \/>\t\t\t\t\t<\/div>\n\t\t\t\t\t\t\t\t\t\t<a class=\"wd-fill\" tabindex=\"-1\" href=\"https:\/\/www.niikiis.com\/blog\/podcast-por-que-nos-cuesta-cambiar\/\" aria-label=\"Link on post #Podcast: \u00bfPor qu\u00e9 a las personas y a las empresas nos cuesta cambiar?\"><\/a>\n\t\t\t\t\t\t\t\t\t\t\t\t\t\t\t\t<div class=\"wd-post-date wd-style-with-bg\">\n\t\t\t\t<span class=\"post-date-day\">\n\t\t\t\t\t03\t\t\t\t<\/span>\n\t\t\t\t<span class=\"post-date-month\">\n\t\t\t\t\tMar\t\t\t\t<\/span>\n\t\t\t<\/div>\n\t\t\t\t\t\t\t\t\t<\/div>\n\t\t\n\t\t<div class=\"wd-post-content article-body-container\">\n\t\t\t\t\t\t\t\t\t\t\t\t<div class=\"wd-post-excerpt entry-content\">\n\t\t\t\t\t\tEn este episodio: entrevistamos a Jaime B\u00e1rcenas: profesor de Direcci\u00f3n de Gesti\u00f3n de Talento en diversas universidades de Colombia, consultor y especialista en Recursos Humanos.\nEl tema fue \u00bfPor qu\u00e9 a las personas y a las empresas nos cuesta cambio? Puedes escuchar la entrevista en LinkedIn, YouTube, Spotify o tu plataforma...\t\t\t\t\t<\/div>\n\t\t\t\t\n\t\t\t\t\t\t\t\t\t\t\t\t\t\t<div class=\"wd-post-read-more wd-style-link read-more-section\">\n\t\t\t\t\t\t<a class=\"\" href=\"https:\/\/www.niikiis.com\/blog\/podcast-por-que-nos-cuesta-cambiar\/\">Continue reading<\/a>\t\t\t\t\t<\/div>\n\t\t\t\t\t\t\t\t\t\t\t\n\t\t\t\t\t\t\t<div class=\"wd-share-with-lines\">\n\t\t\t\t\t<span><\/span>\n\t\t\t\t\t\t\t\t\t\t\t\t\t\t<div\n\t\t\t\t\t\tclass=\" wd-social-icons  wd-style-bordered wd-size-small social-share wd-shape-circle text-center\">\n\t\t\t\t\n\t\t\t\t\n\t\t\t\t\t\t\t\t\t<a rel=\"noopener noreferrer nofollow\" href=\"https:\/\/www.facebook.com\/sharer\/sharer.php?u=https:\/\/www.niikiis.com\/blog\/podcast-por-que-nos-cuesta-cambiar\/\" target=\"_blank\" class=\" wd-social-icon social-facebook\" aria-label=\"Facebook social link\">\n\t\t\t\t\t\t<span class=\"wd-icon\"><\/span>\n\t\t\t\t\t\t\t\t\t\t\t<\/a>\n\t\t\t\t\n\t\t\t\t\t\t\t\t\t<a rel=\"noopener noreferrer nofollow\" href=\"https:\/\/x.com\/share?url=https:\/\/www.niikiis.com\/blog\/podcast-por-que-nos-cuesta-cambiar\/\" target=\"_blank\" class=\" wd-social-icon social-twitter\" aria-label=\"X social link\">\n\t\t\t\t\t\t<span class=\"wd-icon\"><\/span>\n\t\t\t\t\t\t\t\t\t\t\t<\/a>\n\t\t\t\t\n\t\t\t\t\n\t\t\t\t\n\t\t\t\t\n\t\t\t\t\n\t\t\t\t\n\t\t\t\t\t\t\t\t\t<a rel=\"noopener noreferrer nofollow\" href=\"https:\/\/pinterest.com\/pin\/create\/button\/?url=https:\/\/www.niikiis.com\/blog\/podcast-por-que-nos-cuesta-cambiar\/&media=https:\/\/www.niikiis.com\/wp-content\/uploads\/2023\/03\/Blog-cover-1.png&description=%23Podcast%3A+%C2%BFPor+qu%C3%A9+a+las+personas+y+a+las+empresas+nos+cuesta+cambiar%3F\" target=\"_blank\" class=\" wd-social-icon social-pinterest\" aria-label=\"Pinterest social link\">\n\t\t\t\t\t\t<span class=\"wd-icon\"><\/span>\n\t\t\t\t\t\t\t\t\t\t\t<\/a>\n\t\t\t\t\n\t\t\t\t\n\t\t\t\t\t\t\t\t\t<a rel=\"noopener noreferrer nofollow\" href=\"https:\/\/www.linkedin.com\/shareArticle?mini=true&url=https:\/\/www.niikiis.com\/blog\/podcast-por-que-nos-cuesta-cambiar\/\" target=\"_blank\" class=\" wd-social-icon social-linkedin\" aria-label=\"Linkedin social link\">\n\t\t\t\t\t\t<span class=\"wd-icon\"><\/span>\n\t\t\t\t\t\t\t\t\t\t\t<\/a>\n\t\t\t\t\n\t\t\t\t\n\t\t\t\t\n\t\t\t\t\n\t\t\t\t\n\t\t\t\t\n\t\t\t\t\n\t\t\t\t\n\t\t\t\t\n\t\t\t\t\n\t\t\t\t\n\t\t\t\t\n\t\t\t\t\n\t\t\t\t\n\t\t\t\t\n\t\t\t\t\t\t\t\t\t<a rel=\"noopener noreferrer nofollow\" href=\"https:\/\/telegram.me\/share\/url?url=https:\/\/www.niikiis.com\/blog\/podcast-por-que-nos-cuesta-cambiar\/\" target=\"_blank\" class=\" wd-social-icon social-tg\" aria-label=\"Telegram social link\">\n\t\t\t\t\t\t<span class=\"wd-icon\"><\/span>\n\t\t\t\t\t\t\t\t\t\t\t<\/a>\n\t\t\t\t\n\t\t\t\t\n\t\t\t<\/div>\n\n\t\t\t\t\t\t\t\t\t\t\t\t<span><\/span>\n\t\t\t\t<\/div>\n\t\t\t\t\t<\/div>\n\t<\/div>\n<\/article>\n\n\n\t\t\t\t\t\n\t\t\t\t\t","status":"have-posts","nextPage":"https:\/\/www.niikiis.com\/blog\/category\/podcast\/page\/4\/?woo_ajax=1","currentPage":"https:\/\/www.niikiis.com\/blog\/category\/podcast\/page\/3"}