
			
				

					
				

			
		{"items":"\n\t\t\t\t\t\t\t\t\t\t\t\t\t\t<link rel=\"stylesheet\" id=\"wd-post-types-mod-categories-style-bg-css\" href=\"https:\/\/www.niikiis.com\/wp-content\/themes\/woodmart\/css\/parts\/post-types-mod-categories-style-bg.min.css?ver=8.3.3\" type=\"text\/css\" media=\"all\" \/> \t\t\t\n<article id=\"post-16592\" class=\"wd-post blog-design-default-alt blog-post-loop blog-style-flat wd-col post-16592 post type-post status-publish format-standard has-post-thumbnail hentry category-podcast\">\n\t<div class=\"wd-post-inner article-inner\">\n\t\t\t\t\t<div class=\"wd-post-cat wd-style-with-bg meta-post-categories\">\n\t\t\t\t<a href=\"https:\/\/www.niikiis.com\/blog\/category\/podcast\/\" rel=\"category tag\">Podcasts con Expertos<\/a>\t\t\t<\/div>\n\t\t\n\t\t\t\t\t<h3 class=\"wd-post-title wd-entities-title title post-title\">\n\t\t\t\t<a href=\"https:\/\/www.niikiis.com\/blog\/podcast-liderazgo-efectivo-en-hoteleria-y-su-impacto-en-la-operativa-con-ruben-marin\/\" rel=\"bookmark\">#Podcast: Liderazgo efectivo en hoteler\u00eda y su impacto en la operativa, con Rub\u00e9n Mar\u00edn<\/a>\n\t\t\t<\/h3>\n\t\t\n\t\t\t\t\t<div class=\"wd-post-meta\">\n\t\t\t\t\t\t\t\t\t\t\t<link rel=\"stylesheet\" id=\"wd-blog-mod-author-css\" href=\"https:\/\/www.niikiis.com\/wp-content\/themes\/woodmart\/css\/parts\/blog-mod-author.min.css?ver=8.3.3\" type=\"text\/css\" media=\"all\" \/> \t\t\t\t\t\t\t<div class=\"wd-post-author\">\n\t\t\t\t\t\t\t\t\t\t<span>Posted by<\/span>\n\t\t\n\t\t\t\t\t<img alt='author-avatar' src='https:\/\/secure.gravatar.com\/avatar\/7961fb26fec9435a0f78a8ceb4aeae5dbc0f111ade6f4918faa0315cba57e134?s=18&#038;d=mm&#038;r=g' srcset='https:\/\/secure.gravatar.com\/avatar\/7961fb26fec9435a0f78a8ceb4aeae5dbc0f111ade6f4918faa0315cba57e134?s=36&#038;d=mm&#038;r=g 2x' class='avatar avatar-18 photo' height='18' width='18' decoding='async'\/>\t\t\n\t\t\t\t\t<a href=\"https:\/\/www.niikiis.com\/blog\/author\/adminniikiis\/\" class=\"author\" rel=\"author\">Equipo niikiis<\/a>\n\t\t\t\t\t\t\t\t<\/div>\n\t\t\t\t<div class=\"wd-modified-date\">\n\t\t\t\t\t\t\t<time class=\"updated\" datetime=\"2024-05-31T10:59:42+00:00\">\n\t\t\t31 mayo 2024\t\t<\/time>\n\t\t\t\t\t\t<\/div>\n\n\t\t\t\t\t\t\t<\/div>\n\t\t\n\t\t\t\t\t<div class=\"wd-post-thumb entry-header\">\n\t\t\t\t\t\t\t\t\t<div class=\"wd-post-img post-img-wrapp\">\n\t\t\t\t\t\t<img width=\"560\" height=\"315\" src=\"https:\/\/www.niikiis.com\/wp-content\/uploads\/2024\/05\/Podcast-cover-5.jpg\" class=\"attachment-large size-large\" alt=\"\" decoding=\"async\" fetchpriority=\"high\" srcset=\"https:\/\/www.niikiis.com\/wp-content\/uploads\/2024\/05\/Podcast-cover-5.jpg 560w, https:\/\/www.niikiis.com\/wp-content\/uploads\/2024\/05\/Podcast-cover-5-300x169.jpg 300w\" sizes=\"(max-width: 560px) 100vw, 560px\" \/>\t\t\t\t\t<\/div>\n\t\t\t\t\t\t\t\t\t\t<a class=\"wd-fill\" tabindex=\"-1\" href=\"https:\/\/www.niikiis.com\/blog\/podcast-liderazgo-efectivo-en-hoteleria-y-su-impacto-en-la-operativa-con-ruben-marin\/\" aria-label=\"Link on post #Podcast: Liderazgo efectivo en hoteler\u00eda y su impacto en la operativa, con Rub\u00e9n Mar\u00edn\"><\/a>\n\t\t\t\t\t\t\t\t\t\t\t\t\t\t\t\t<link rel=\"stylesheet\" id=\"wd-post-types-mod-date-style-bg-css\" href=\"https:\/\/www.niikiis.com\/wp-content\/themes\/woodmart\/css\/parts\/post-types-mod-date-style-bg.min.css?ver=8.3.3\" type=\"text\/css\" media=\"all\" \/> \t\t\t\t\t\t<div class=\"wd-post-date wd-style-with-bg\">\n\t\t\t\t<span class=\"post-date-day\">\n\t\t\t\t\t31\t\t\t\t<\/span>\n\t\t\t\t<span class=\"post-date-month\">\n\t\t\t\t\tMay\t\t\t\t<\/span>\n\t\t\t<\/div>\n\t\t\t\t\t\t\t\t\t<\/div>\n\t\t\n\t\t<div class=\"wd-post-content article-body-container\">\n\t\t\t\t\t\t\t\t\t\t\t\t<div class=\"wd-post-excerpt entry-content\">\n\t\t\t\t\t\tEn este episodio: entrevistamos a Rub\u00e9n Mar\u00edn: \u00a0Assistant Manager \/ Responsable de Alojamiento en Guitart Central Park y Presidente de la\u00a0AEDH Talento Joven.\u00a0El tema fue \"Liderazgo en hoteler\u00eda y su impacto en la operativa, con Rub\u00e9n Mar\u00edn\".\u00a0Puedes escuchar la entrevista en LinkedIn, YouTube, o tu plataforma de p\u00f3dcast preferida.\t\t\t\t\t<\/div>\n\t\t\t\t\n\t\t\t\t\t\t\t\t\t\t\t\t\t\t<div class=\"wd-post-read-more wd-style-link read-more-section\">\n\t\t\t\t\t\t<a class=\"\" href=\"https:\/\/www.niikiis.com\/blog\/podcast-liderazgo-efectivo-en-hoteleria-y-su-impacto-en-la-operativa-con-ruben-marin\/\">Continue reading<\/a>\t\t\t\t\t<\/div>\n\t\t\t\t\t\t\t\t\t\t\t\n\t\t\t\t\t\t\t<div class=\"wd-share-with-lines\">\n\t\t\t\t\t<span><\/span>\n\t\t\t\t\t\t\t\t\t\t\t\t\t\t<link rel=\"stylesheet\" id=\"wd-social-icons-css\" href=\"https:\/\/www.niikiis.com\/wp-content\/themes\/woodmart\/css\/parts\/el-social-icons.min.css?ver=8.3.3\" type=\"text\/css\" media=\"all\" \/> \t\t\t\t\t\t<link rel=\"stylesheet\" id=\"wd-social-icons-styles-css\" href=\"https:\/\/www.niikiis.com\/wp-content\/themes\/woodmart\/css\/parts\/el-social-styles.min.css?ver=8.3.3\" type=\"text\/css\" media=\"all\" \/> \t\t\t\t\t\t<div\n\t\t\t\t\t\tclass=\" wd-social-icons  wd-style-bordered wd-size-small social-share wd-shape-circle text-center\">\n\t\t\t\t\n\t\t\t\t\n\t\t\t\t\t\t\t\t\t<a rel=\"noopener noreferrer nofollow\" href=\"https:\/\/www.facebook.com\/sharer\/sharer.php?u=https:\/\/www.niikiis.com\/blog\/podcast-liderazgo-efectivo-en-hoteleria-y-su-impacto-en-la-operativa-con-ruben-marin\/\" target=\"_blank\" class=\" wd-social-icon social-facebook\" aria-label=\"Facebook social link\">\n\t\t\t\t\t\t<span class=\"wd-icon\"><\/span>\n\t\t\t\t\t\t\t\t\t\t\t<\/a>\n\t\t\t\t\n\t\t\t\t\t\t\t\t\t<a rel=\"noopener noreferrer nofollow\" href=\"https:\/\/x.com\/share?url=https:\/\/www.niikiis.com\/blog\/podcast-liderazgo-efectivo-en-hoteleria-y-su-impacto-en-la-operativa-con-ruben-marin\/\" target=\"_blank\" class=\" wd-social-icon social-twitter\" aria-label=\"X social link\">\n\t\t\t\t\t\t<span class=\"wd-icon\"><\/span>\n\t\t\t\t\t\t\t\t\t\t\t<\/a>\n\t\t\t\t\n\t\t\t\t\n\t\t\t\t\n\t\t\t\t\n\t\t\t\t\n\t\t\t\t\n\t\t\t\t\t\t\t\t\t<a rel=\"noopener noreferrer nofollow\" href=\"https:\/\/pinterest.com\/pin\/create\/button\/?url=https:\/\/www.niikiis.com\/blog\/podcast-liderazgo-efectivo-en-hoteleria-y-su-impacto-en-la-operativa-con-ruben-marin\/&media=https:\/\/www.niikiis.com\/wp-content\/uploads\/2024\/05\/Podcast-cover-5.jpg&description=%23Podcast%3A+Liderazgo+efectivo+en+hoteler%C3%ADa+y+su+impacto+en+la+operativa%2C+con+Rub%C3%A9n+Mar%C3%ADn\" target=\"_blank\" class=\" wd-social-icon social-pinterest\" aria-label=\"Pinterest social link\">\n\t\t\t\t\t\t<span class=\"wd-icon\"><\/span>\n\t\t\t\t\t\t\t\t\t\t\t<\/a>\n\t\t\t\t\n\t\t\t\t\n\t\t\t\t\t\t\t\t\t<a rel=\"noopener noreferrer nofollow\" href=\"https:\/\/www.linkedin.com\/shareArticle?mini=true&url=https:\/\/www.niikiis.com\/blog\/podcast-liderazgo-efectivo-en-hoteleria-y-su-impacto-en-la-operativa-con-ruben-marin\/\" target=\"_blank\" class=\" wd-social-icon social-linkedin\" aria-label=\"Linkedin social link\">\n\t\t\t\t\t\t<span class=\"wd-icon\"><\/span>\n\t\t\t\t\t\t\t\t\t\t\t<\/a>\n\t\t\t\t\n\t\t\t\t\n\t\t\t\t\n\t\t\t\t\n\t\t\t\t\n\t\t\t\t\n\t\t\t\t\n\t\t\t\t\n\t\t\t\t\n\t\t\t\t\n\t\t\t\t\n\t\t\t\t\n\t\t\t\t\n\t\t\t\t\n\t\t\t\t\n\t\t\t\t\t\t\t\t\t<a rel=\"noopener noreferrer nofollow\" href=\"https:\/\/telegram.me\/share\/url?url=https:\/\/www.niikiis.com\/blog\/podcast-liderazgo-efectivo-en-hoteleria-y-su-impacto-en-la-operativa-con-ruben-marin\/\" target=\"_blank\" class=\" wd-social-icon social-tg\" aria-label=\"Telegram social link\">\n\t\t\t\t\t\t<span class=\"wd-icon\"><\/span>\n\t\t\t\t\t\t\t\t\t\t\t<\/a>\n\t\t\t\t\n\t\t\t\t\n\t\t\t<\/div>\n\n\t\t\t\t\t\t\t\t\t\t\t\t<span><\/span>\n\t\t\t\t<\/div>\n\t\t\t\t\t<\/div>\n\t<\/div>\n<\/article>\n\n\n\t\t\t\t\t\t\t\t\t\t\t\n<article id=\"post-16583\" class=\"wd-post blog-design-default-alt blog-post-loop blog-style-flat wd-col post-16583 post type-post status-publish format-standard has-post-thumbnail hentry category-podcast\">\n\t<div class=\"wd-post-inner article-inner\">\n\t\t\t\t\t<div class=\"wd-post-cat wd-style-with-bg meta-post-categories\">\n\t\t\t\t<a href=\"https:\/\/www.niikiis.com\/blog\/category\/podcast\/\" rel=\"category tag\">Podcasts con Expertos<\/a>\t\t\t<\/div>\n\t\t\n\t\t\t\t\t<h3 class=\"wd-post-title wd-entities-title title post-title\">\n\t\t\t\t<a href=\"https:\/\/www.niikiis.com\/blog\/podcast-formacion-hoteleria-felix-zulaica\/\" rel=\"bookmark\">#Podcast: Formaci\u00f3n en hoteler\u00eda para incrementar los ingresos, con F\u00e9lix Zulaica<\/a>\n\t\t\t<\/h3>\n\t\t\n\t\t\t\t\t<div class=\"wd-post-meta\">\n\t\t\t\t\t\t\t\t\t\t\t\t<div class=\"wd-post-author\">\n\t\t\t\t\t\t\t\t\t\t<span>Posted by<\/span>\n\t\t\n\t\t\t\t\t<img alt='author-avatar' src='https:\/\/secure.gravatar.com\/avatar\/7961fb26fec9435a0f78a8ceb4aeae5dbc0f111ade6f4918faa0315cba57e134?s=18&#038;d=mm&#038;r=g' srcset='https:\/\/secure.gravatar.com\/avatar\/7961fb26fec9435a0f78a8ceb4aeae5dbc0f111ade6f4918faa0315cba57e134?s=36&#038;d=mm&#038;r=g 2x' class='avatar avatar-18 photo' height='18' width='18' decoding='async'\/>\t\t\n\t\t\t\t\t<a href=\"https:\/\/www.niikiis.com\/blog\/author\/adminniikiis\/\" class=\"author\" rel=\"author\">Equipo niikiis<\/a>\n\t\t\t\t\t\t\t\t<\/div>\n\t\t\t\t<div class=\"wd-modified-date\">\n\t\t\t\t\t\t\t<time class=\"updated\" datetime=\"2024-05-21T12:37:01+00:00\">\n\t\t\t21 mayo 2024\t\t<\/time>\n\t\t\t\t\t\t<\/div>\n\n\t\t\t\t\t\t\t<\/div>\n\t\t\n\t\t\t\t\t<div class=\"wd-post-thumb entry-header\">\n\t\t\t\t\t\t\t\t\t<div class=\"wd-post-img post-img-wrapp\">\n\t\t\t\t\t\t<img width=\"560\" height=\"315\" src=\"https:\/\/www.niikiis.com\/wp-content\/uploads\/2024\/05\/Podcast-cover-4.jpg\" class=\"attachment-large size-large\" alt=\"\" decoding=\"async\" loading=\"lazy\" srcset=\"https:\/\/www.niikiis.com\/wp-content\/uploads\/2024\/05\/Podcast-cover-4.jpg 560w, https:\/\/www.niikiis.com\/wp-content\/uploads\/2024\/05\/Podcast-cover-4-300x169.jpg 300w\" sizes=\"auto, (max-width: 560px) 100vw, 560px\" \/>\t\t\t\t\t<\/div>\n\t\t\t\t\t\t\t\t\t\t<a class=\"wd-fill\" tabindex=\"-1\" href=\"https:\/\/www.niikiis.com\/blog\/podcast-formacion-hoteleria-felix-zulaica\/\" aria-label=\"Link on post #Podcast: Formaci\u00f3n en hoteler\u00eda para incrementar los ingresos, con F\u00e9lix Zulaica\"><\/a>\n\t\t\t\t\t\t\t\t\t\t\t\t\t\t\t\t<div class=\"wd-post-date wd-style-with-bg\">\n\t\t\t\t<span class=\"post-date-day\">\n\t\t\t\t\t21\t\t\t\t<\/span>\n\t\t\t\t<span class=\"post-date-month\">\n\t\t\t\t\tMay\t\t\t\t<\/span>\n\t\t\t<\/div>\n\t\t\t\t\t\t\t\t\t<\/div>\n\t\t\n\t\t<div class=\"wd-post-content article-body-container\">\n\t\t\t\t\t\t\t\t\t\t\t\t<div class=\"wd-post-excerpt entry-content\">\n\t\t\t\t\t\tEn este episodio: entrevistamos a F\u00e9lix Zulaica: Fundador de 360 Hotel Management.\u00a0El tema fue \"La importancia de la formaci\u00f3n en hoteler\u00eda para incrementar los ingresos\".\u00a0Puedes escuchar la entrevista en LinkedIn, YouTube, o tu plataforma de p\u00f3dcast preferida.\t\t\t\t\t<\/div>\n\t\t\t\t\n\t\t\t\t\t\t\t\t\t\t\t\t\t\t<div class=\"wd-post-read-more wd-style-link read-more-section\">\n\t\t\t\t\t\t<a class=\"\" href=\"https:\/\/www.niikiis.com\/blog\/podcast-formacion-hoteleria-felix-zulaica\/\">Continue reading<\/a>\t\t\t\t\t<\/div>\n\t\t\t\t\t\t\t\t\t\t\t\n\t\t\t\t\t\t\t<div class=\"wd-share-with-lines\">\n\t\t\t\t\t<span><\/span>\n\t\t\t\t\t\t\t\t\t\t\t\t\t\t<div\n\t\t\t\t\t\tclass=\" wd-social-icons  wd-style-bordered wd-size-small social-share wd-shape-circle text-center\">\n\t\t\t\t\n\t\t\t\t\n\t\t\t\t\t\t\t\t\t<a rel=\"noopener noreferrer nofollow\" href=\"https:\/\/www.facebook.com\/sharer\/sharer.php?u=https:\/\/www.niikiis.com\/blog\/podcast-formacion-hoteleria-felix-zulaica\/\" target=\"_blank\" class=\" wd-social-icon social-facebook\" aria-label=\"Facebook social link\">\n\t\t\t\t\t\t<span class=\"wd-icon\"><\/span>\n\t\t\t\t\t\t\t\t\t\t\t<\/a>\n\t\t\t\t\n\t\t\t\t\t\t\t\t\t<a rel=\"noopener noreferrer nofollow\" href=\"https:\/\/x.com\/share?url=https:\/\/www.niikiis.com\/blog\/podcast-formacion-hoteleria-felix-zulaica\/\" target=\"_blank\" class=\" wd-social-icon social-twitter\" aria-label=\"X social link\">\n\t\t\t\t\t\t<span class=\"wd-icon\"><\/span>\n\t\t\t\t\t\t\t\t\t\t\t<\/a>\n\t\t\t\t\n\t\t\t\t\n\t\t\t\t\n\t\t\t\t\n\t\t\t\t\n\t\t\t\t\n\t\t\t\t\t\t\t\t\t<a rel=\"noopener noreferrer nofollow\" href=\"https:\/\/pinterest.com\/pin\/create\/button\/?url=https:\/\/www.niikiis.com\/blog\/podcast-formacion-hoteleria-felix-zulaica\/&media=https:\/\/www.niikiis.com\/wp-content\/uploads\/2024\/05\/Podcast-cover-4.jpg&description=%23Podcast%3A+Formaci%C3%B3n+en+hoteler%C3%ADa+para+incrementar+los+ingresos%2C+con+F%C3%A9lix+Zulaica\" target=\"_blank\" class=\" wd-social-icon social-pinterest\" aria-label=\"Pinterest social link\">\n\t\t\t\t\t\t<span class=\"wd-icon\"><\/span>\n\t\t\t\t\t\t\t\t\t\t\t<\/a>\n\t\t\t\t\n\t\t\t\t\n\t\t\t\t\t\t\t\t\t<a rel=\"noopener noreferrer nofollow\" href=\"https:\/\/www.linkedin.com\/shareArticle?mini=true&url=https:\/\/www.niikiis.com\/blog\/podcast-formacion-hoteleria-felix-zulaica\/\" target=\"_blank\" class=\" wd-social-icon social-linkedin\" aria-label=\"Linkedin social link\">\n\t\t\t\t\t\t<span class=\"wd-icon\"><\/span>\n\t\t\t\t\t\t\t\t\t\t\t<\/a>\n\t\t\t\t\n\t\t\t\t\n\t\t\t\t\n\t\t\t\t\n\t\t\t\t\n\t\t\t\t\n\t\t\t\t\n\t\t\t\t\n\t\t\t\t\n\t\t\t\t\n\t\t\t\t\n\t\t\t\t\n\t\t\t\t\n\t\t\t\t\n\t\t\t\t\n\t\t\t\t\t\t\t\t\t<a rel=\"noopener noreferrer nofollow\" href=\"https:\/\/telegram.me\/share\/url?url=https:\/\/www.niikiis.com\/blog\/podcast-formacion-hoteleria-felix-zulaica\/\" target=\"_blank\" class=\" wd-social-icon social-tg\" aria-label=\"Telegram social link\">\n\t\t\t\t\t\t<span class=\"wd-icon\"><\/span>\n\t\t\t\t\t\t\t\t\t\t\t<\/a>\n\t\t\t\t\n\t\t\t\t\n\t\t\t<\/div>\n\n\t\t\t\t\t\t\t\t\t\t\t\t<span><\/span>\n\t\t\t\t<\/div>\n\t\t\t\t\t<\/div>\n\t<\/div>\n<\/article>\n\n\n\t\t\t\t\t\t\t\t\t\t\t\n<article id=\"post-16575\" class=\"wd-post blog-design-default-alt blog-post-loop blog-style-flat wd-col post-16575 post type-post status-publish format-standard has-post-thumbnail hentry category-podcast\">\n\t<div class=\"wd-post-inner article-inner\">\n\t\t\t\t\t<div class=\"wd-post-cat wd-style-with-bg meta-post-categories\">\n\t\t\t\t<a href=\"https:\/\/www.niikiis.com\/blog\/category\/podcast\/\" rel=\"category tag\">Podcasts con Expertos<\/a>\t\t\t<\/div>\n\t\t\n\t\t\t\t\t<h3 class=\"wd-post-title wd-entities-title title post-title\">\n\t\t\t\t<a href=\"https:\/\/www.niikiis.com\/blog\/podcast-limites-legales-biometria-soraya-sansegundo\/\" rel=\"bookmark\">#Podcast: Los l\u00edmites legales del uso de datos biom\u00e9tricos para el registro laboral, con Soraya San Segundo<\/a>\n\t\t\t<\/h3>\n\t\t\n\t\t\t\t\t<div class=\"wd-post-meta\">\n\t\t\t\t\t\t\t\t\t\t\t\t<div class=\"wd-post-author\">\n\t\t\t\t\t\t\t\t\t\t<span>Posted by<\/span>\n\t\t\n\t\t\t\t\t<img alt='author-avatar' src='https:\/\/secure.gravatar.com\/avatar\/7961fb26fec9435a0f78a8ceb4aeae5dbc0f111ade6f4918faa0315cba57e134?s=18&#038;d=mm&#038;r=g' srcset='https:\/\/secure.gravatar.com\/avatar\/7961fb26fec9435a0f78a8ceb4aeae5dbc0f111ade6f4918faa0315cba57e134?s=36&#038;d=mm&#038;r=g 2x' class='avatar avatar-18 photo' height='18' width='18' loading='lazy' decoding='async'\/>\t\t\n\t\t\t\t\t<a href=\"https:\/\/www.niikiis.com\/blog\/author\/adminniikiis\/\" class=\"author\" rel=\"author\">Equipo niikiis<\/a>\n\t\t\t\t\t\t\t\t<\/div>\n\t\t\t\t<div class=\"wd-modified-date\">\n\t\t\t\t\t\t\t<time class=\"updated\" datetime=\"2024-04-26T09:02:22+00:00\">\n\t\t\t26 abril 2024\t\t<\/time>\n\t\t\t\t\t\t<\/div>\n\n\t\t\t\t\t\t\t<\/div>\n\t\t\n\t\t\t\t\t<div class=\"wd-post-thumb entry-header\">\n\t\t\t\t\t\t\t\t\t<div class=\"wd-post-img post-img-wrapp\">\n\t\t\t\t\t\t<img width=\"560\" height=\"315\" src=\"https:\/\/www.niikiis.com\/wp-content\/uploads\/2024\/04\/Podcast-cover-7.png\" class=\"attachment-large size-large\" alt=\"\" decoding=\"async\" loading=\"lazy\" srcset=\"https:\/\/www.niikiis.com\/wp-content\/uploads\/2024\/04\/Podcast-cover-7.png 560w, https:\/\/www.niikiis.com\/wp-content\/uploads\/2024\/04\/Podcast-cover-7-300x169.png 300w\" sizes=\"auto, (max-width: 560px) 100vw, 560px\" \/>\t\t\t\t\t<\/div>\n\t\t\t\t\t\t\t\t\t\t<a class=\"wd-fill\" tabindex=\"-1\" href=\"https:\/\/www.niikiis.com\/blog\/podcast-limites-legales-biometria-soraya-sansegundo\/\" aria-label=\"Link on post #Podcast: Los l\u00edmites legales del uso de datos biom\u00e9tricos para el registro laboral, con Soraya San Segundo\"><\/a>\n\t\t\t\t\t\t\t\t\t\t\t\t\t\t\t\t<div class=\"wd-post-date wd-style-with-bg\">\n\t\t\t\t<span class=\"post-date-day\">\n\t\t\t\t\t26\t\t\t\t<\/span>\n\t\t\t\t<span class=\"post-date-month\">\n\t\t\t\t\tAbr\t\t\t\t<\/span>\n\t\t\t<\/div>\n\t\t\t\t\t\t\t\t\t<\/div>\n\t\t\n\t\t<div class=\"wd-post-content article-body-container\">\n\t\t\t\t\t\t\t\t\t\t\t\t<div class=\"wd-post-excerpt entry-content\">\n\t\t\t\t\t\tEn este episodio: entrevistamos a Soraya San Segundo: Consultora Senior de Protecci\u00f3n de Datos en Datages Consuting.\r\nEl tema fue \"Los l\u00edmites legales del uso de datos biom\u00e9tricos para el registro laboral\".\u00a0Puedes escuchar la entrevista en LinkedIn, YouTube, o tu plataforma de p\u00f3dcast preferida.\t\t\t\t\t<\/div>\n\t\t\t\t\n\t\t\t\t\t\t\t\t\t\t\t\t\t\t<div class=\"wd-post-read-more wd-style-link read-more-section\">\n\t\t\t\t\t\t<a class=\"\" href=\"https:\/\/www.niikiis.com\/blog\/podcast-limites-legales-biometria-soraya-sansegundo\/\">Continue reading<\/a>\t\t\t\t\t<\/div>\n\t\t\t\t\t\t\t\t\t\t\t\n\t\t\t\t\t\t\t<div class=\"wd-share-with-lines\">\n\t\t\t\t\t<span><\/span>\n\t\t\t\t\t\t\t\t\t\t\t\t\t\t<div\n\t\t\t\t\t\tclass=\" wd-social-icons  wd-style-bordered wd-size-small social-share wd-shape-circle text-center\">\n\t\t\t\t\n\t\t\t\t\n\t\t\t\t\t\t\t\t\t<a rel=\"noopener noreferrer nofollow\" href=\"https:\/\/www.facebook.com\/sharer\/sharer.php?u=https:\/\/www.niikiis.com\/blog\/podcast-limites-legales-biometria-soraya-sansegundo\/\" target=\"_blank\" class=\" wd-social-icon social-facebook\" aria-label=\"Facebook social link\">\n\t\t\t\t\t\t<span class=\"wd-icon\"><\/span>\n\t\t\t\t\t\t\t\t\t\t\t<\/a>\n\t\t\t\t\n\t\t\t\t\t\t\t\t\t<a rel=\"noopener noreferrer nofollow\" href=\"https:\/\/x.com\/share?url=https:\/\/www.niikiis.com\/blog\/podcast-limites-legales-biometria-soraya-sansegundo\/\" target=\"_blank\" class=\" wd-social-icon social-twitter\" aria-label=\"X social link\">\n\t\t\t\t\t\t<span class=\"wd-icon\"><\/span>\n\t\t\t\t\t\t\t\t\t\t\t<\/a>\n\t\t\t\t\n\t\t\t\t\n\t\t\t\t\n\t\t\t\t\n\t\t\t\t\n\t\t\t\t\n\t\t\t\t\t\t\t\t\t<a rel=\"noopener noreferrer nofollow\" href=\"https:\/\/pinterest.com\/pin\/create\/button\/?url=https:\/\/www.niikiis.com\/blog\/podcast-limites-legales-biometria-soraya-sansegundo\/&media=https:\/\/www.niikiis.com\/wp-content\/uploads\/2024\/04\/Podcast-cover-7.png&description=%23Podcast%3A+Los+l%C3%ADmites+legales+del+uso+de+datos+biom%C3%A9tricos+para+el+registro+laboral%2C+con+Soraya+San+Segundo\" target=\"_blank\" class=\" wd-social-icon social-pinterest\" aria-label=\"Pinterest social link\">\n\t\t\t\t\t\t<span class=\"wd-icon\"><\/span>\n\t\t\t\t\t\t\t\t\t\t\t<\/a>\n\t\t\t\t\n\t\t\t\t\n\t\t\t\t\t\t\t\t\t<a rel=\"noopener noreferrer nofollow\" href=\"https:\/\/www.linkedin.com\/shareArticle?mini=true&url=https:\/\/www.niikiis.com\/blog\/podcast-limites-legales-biometria-soraya-sansegundo\/\" target=\"_blank\" class=\" wd-social-icon social-linkedin\" aria-label=\"Linkedin social link\">\n\t\t\t\t\t\t<span class=\"wd-icon\"><\/span>\n\t\t\t\t\t\t\t\t\t\t\t<\/a>\n\t\t\t\t\n\t\t\t\t\n\t\t\t\t\n\t\t\t\t\n\t\t\t\t\n\t\t\t\t\n\t\t\t\t\n\t\t\t\t\n\t\t\t\t\n\t\t\t\t\n\t\t\t\t\n\t\t\t\t\n\t\t\t\t\n\t\t\t\t\n\t\t\t\t\n\t\t\t\t\t\t\t\t\t<a rel=\"noopener noreferrer nofollow\" href=\"https:\/\/telegram.me\/share\/url?url=https:\/\/www.niikiis.com\/blog\/podcast-limites-legales-biometria-soraya-sansegundo\/\" target=\"_blank\" class=\" wd-social-icon social-tg\" aria-label=\"Telegram social link\">\n\t\t\t\t\t\t<span class=\"wd-icon\"><\/span>\n\t\t\t\t\t\t\t\t\t\t\t<\/a>\n\t\t\t\t\n\t\t\t\t\n\t\t\t<\/div>\n\n\t\t\t\t\t\t\t\t\t\t\t\t<span><\/span>\n\t\t\t\t<\/div>\n\t\t\t\t\t<\/div>\n\t<\/div>\n<\/article>\n\n\n\t\t\t\t\t\t\t\t\t\t\t\n<article id=\"post-16563\" class=\"wd-post blog-design-default-alt blog-post-loop blog-style-flat wd-col post-16563 post type-post status-publish format-standard has-post-thumbnail hentry category-podcast\">\n\t<div class=\"wd-post-inner article-inner\">\n\t\t\t\t\t<div class=\"wd-post-cat wd-style-with-bg meta-post-categories\">\n\t\t\t\t<a href=\"https:\/\/www.niikiis.com\/blog\/category\/podcast\/\" rel=\"category tag\">Podcasts con Expertos<\/a>\t\t\t<\/div>\n\t\t\n\t\t\t\t\t<h3 class=\"wd-post-title wd-entities-title title post-title\">\n\t\t\t\t<a href=\"https:\/\/www.niikiis.com\/blog\/podcast-mecanismos-para-captar-talento\/\" rel=\"bookmark\">#Podcast: Mecanismos para captar talento, con Sara Regueiro<\/a>\n\t\t\t<\/h3>\n\t\t\n\t\t\t\t\t<div class=\"wd-post-meta\">\n\t\t\t\t\t\t\t\t\t\t\t\t<div class=\"wd-post-author\">\n\t\t\t\t\t\t\t\t\t\t<span>Posted by<\/span>\n\t\t\n\t\t\t\t\t<img alt='author-avatar' src='https:\/\/secure.gravatar.com\/avatar\/7961fb26fec9435a0f78a8ceb4aeae5dbc0f111ade6f4918faa0315cba57e134?s=18&#038;d=mm&#038;r=g' srcset='https:\/\/secure.gravatar.com\/avatar\/7961fb26fec9435a0f78a8ceb4aeae5dbc0f111ade6f4918faa0315cba57e134?s=36&#038;d=mm&#038;r=g 2x' class='avatar avatar-18 photo' height='18' width='18' loading='lazy' decoding='async'\/>\t\t\n\t\t\t\t\t<a href=\"https:\/\/www.niikiis.com\/blog\/author\/adminniikiis\/\" class=\"author\" rel=\"author\">Equipo niikiis<\/a>\n\t\t\t\t\t\t\t\t<\/div>\n\t\t\t\t<div class=\"wd-modified-date\">\n\t\t\t\t\t\t\t<time class=\"updated\" datetime=\"2024-04-11T13:04:57+00:00\">\n\t\t\t11 abril 2024\t\t<\/time>\n\t\t\t\t\t\t<\/div>\n\n\t\t\t\t\t\t\t<\/div>\n\t\t\n\t\t\t\t\t<div class=\"wd-post-thumb entry-header\">\n\t\t\t\t\t\t\t\t\t<div class=\"wd-post-img post-img-wrapp\">\n\t\t\t\t\t\t<img width=\"560\" height=\"315\" src=\"https:\/\/www.niikiis.com\/wp-content\/uploads\/2024\/04\/Podcast-cover-6.png\" class=\"attachment-large size-large\" alt=\"\" decoding=\"async\" loading=\"lazy\" srcset=\"https:\/\/www.niikiis.com\/wp-content\/uploads\/2024\/04\/Podcast-cover-6.png 560w, https:\/\/www.niikiis.com\/wp-content\/uploads\/2024\/04\/Podcast-cover-6-300x169.png 300w\" sizes=\"auto, (max-width: 560px) 100vw, 560px\" \/>\t\t\t\t\t<\/div>\n\t\t\t\t\t\t\t\t\t\t<a class=\"wd-fill\" tabindex=\"-1\" href=\"https:\/\/www.niikiis.com\/blog\/podcast-mecanismos-para-captar-talento\/\" aria-label=\"Link on post #Podcast: Mecanismos para captar talento, con Sara Regueiro\"><\/a>\n\t\t\t\t\t\t\t\t\t\t\t\t\t\t\t\t<div class=\"wd-post-date wd-style-with-bg\">\n\t\t\t\t<span class=\"post-date-day\">\n\t\t\t\t\t11\t\t\t\t<\/span>\n\t\t\t\t<span class=\"post-date-month\">\n\t\t\t\t\tAbr\t\t\t\t<\/span>\n\t\t\t<\/div>\n\t\t\t\t\t\t\t\t\t<\/div>\n\t\t\n\t\t<div class=\"wd-post-content article-body-container\">\n\t\t\t\t\t\t\t\t\t\t\t\t<div class=\"wd-post-excerpt entry-content\">\n\t\t\t\t\t\tEn este episodio: entrevistamos a Sara Regueiro: Directora de RRHH en AQUA HOTEL GRUP.\r\nEl tema fue \"Mecanismos para captar talento: creatividad en los procesos de selecci\u00f3n\".\u00a0Puedes escuchar la entrevista en LinkedIn, YouTube, o tu plataforma de p\u00f3dcast preferida.\t\t\t\t\t<\/div>\n\t\t\t\t\n\t\t\t\t\t\t\t\t\t\t\t\t\t\t<div class=\"wd-post-read-more wd-style-link read-more-section\">\n\t\t\t\t\t\t<a class=\"\" href=\"https:\/\/www.niikiis.com\/blog\/podcast-mecanismos-para-captar-talento\/\">Continue reading<\/a>\t\t\t\t\t<\/div>\n\t\t\t\t\t\t\t\t\t\t\t\n\t\t\t\t\t\t\t<div class=\"wd-share-with-lines\">\n\t\t\t\t\t<span><\/span>\n\t\t\t\t\t\t\t\t\t\t\t\t\t\t<div\n\t\t\t\t\t\tclass=\" wd-social-icons  wd-style-bordered wd-size-small social-share wd-shape-circle text-center\">\n\t\t\t\t\n\t\t\t\t\n\t\t\t\t\t\t\t\t\t<a rel=\"noopener noreferrer nofollow\" href=\"https:\/\/www.facebook.com\/sharer\/sharer.php?u=https:\/\/www.niikiis.com\/blog\/podcast-mecanismos-para-captar-talento\/\" target=\"_blank\" class=\" wd-social-icon social-facebook\" aria-label=\"Facebook social link\">\n\t\t\t\t\t\t<span class=\"wd-icon\"><\/span>\n\t\t\t\t\t\t\t\t\t\t\t<\/a>\n\t\t\t\t\n\t\t\t\t\t\t\t\t\t<a rel=\"noopener noreferrer nofollow\" href=\"https:\/\/x.com\/share?url=https:\/\/www.niikiis.com\/blog\/podcast-mecanismos-para-captar-talento\/\" target=\"_blank\" class=\" wd-social-icon social-twitter\" aria-label=\"X social link\">\n\t\t\t\t\t\t<span class=\"wd-icon\"><\/span>\n\t\t\t\t\t\t\t\t\t\t\t<\/a>\n\t\t\t\t\n\t\t\t\t\n\t\t\t\t\n\t\t\t\t\n\t\t\t\t\n\t\t\t\t\n\t\t\t\t\t\t\t\t\t<a rel=\"noopener noreferrer nofollow\" href=\"https:\/\/pinterest.com\/pin\/create\/button\/?url=https:\/\/www.niikiis.com\/blog\/podcast-mecanismos-para-captar-talento\/&media=https:\/\/www.niikiis.com\/wp-content\/uploads\/2024\/04\/Podcast-cover-6.png&description=%23Podcast%3A+Mecanismos+para+captar+talento%2C+con+Sara+Regueiro\" target=\"_blank\" class=\" wd-social-icon social-pinterest\" aria-label=\"Pinterest social link\">\n\t\t\t\t\t\t<span class=\"wd-icon\"><\/span>\n\t\t\t\t\t\t\t\t\t\t\t<\/a>\n\t\t\t\t\n\t\t\t\t\n\t\t\t\t\t\t\t\t\t<a rel=\"noopener noreferrer nofollow\" href=\"https:\/\/www.linkedin.com\/shareArticle?mini=true&url=https:\/\/www.niikiis.com\/blog\/podcast-mecanismos-para-captar-talento\/\" target=\"_blank\" class=\" wd-social-icon social-linkedin\" aria-label=\"Linkedin social link\">\n\t\t\t\t\t\t<span class=\"wd-icon\"><\/span>\n\t\t\t\t\t\t\t\t\t\t\t<\/a>\n\t\t\t\t\n\t\t\t\t\n\t\t\t\t\n\t\t\t\t\n\t\t\t\t\n\t\t\t\t\n\t\t\t\t\n\t\t\t\t\n\t\t\t\t\n\t\t\t\t\n\t\t\t\t\n\t\t\t\t\n\t\t\t\t\n\t\t\t\t\n\t\t\t\t\n\t\t\t\t\t\t\t\t\t<a rel=\"noopener noreferrer nofollow\" href=\"https:\/\/telegram.me\/share\/url?url=https:\/\/www.niikiis.com\/blog\/podcast-mecanismos-para-captar-talento\/\" target=\"_blank\" class=\" wd-social-icon social-tg\" aria-label=\"Telegram social link\">\n\t\t\t\t\t\t<span class=\"wd-icon\"><\/span>\n\t\t\t\t\t\t\t\t\t\t\t<\/a>\n\t\t\t\t\n\t\t\t\t\n\t\t\t<\/div>\n\n\t\t\t\t\t\t\t\t\t\t\t\t<span><\/span>\n\t\t\t\t<\/div>\n\t\t\t\t\t<\/div>\n\t<\/div>\n<\/article>\n\n\n\t\t\t\t\t\t\t\t\t\t\t\n<article id=\"post-16545\" class=\"wd-post blog-design-default-alt blog-post-loop blog-style-flat wd-col post-16545 post type-post status-publish format-standard has-post-thumbnail hentry category-podcast\">\n\t<div class=\"wd-post-inner article-inner\">\n\t\t\t\t\t<div class=\"wd-post-cat wd-style-with-bg meta-post-categories\">\n\t\t\t\t<a href=\"https:\/\/www.niikiis.com\/blog\/category\/podcast\/\" rel=\"category tag\">Podcasts con Expertos<\/a>\t\t\t<\/div>\n\t\t\n\t\t\t\t\t<h3 class=\"wd-post-title wd-entities-title title post-title\">\n\t\t\t\t<a href=\"https:\/\/www.niikiis.com\/blog\/podcast-gestion-de-personal-amado-jimenez\/\" rel=\"bookmark\">#Podcast: Gesti\u00f3n de personal en hosteler\u00eda, con Amado Jim\u00e9nez de Silken Hoteles<\/a>\n\t\t\t<\/h3>\n\t\t\n\t\t\t\t\t<div class=\"wd-post-meta\">\n\t\t\t\t\t\t\t\t\t\t\t\t<div class=\"wd-post-author\">\n\t\t\t\t\t\t\t\t\t\t<span>Posted by<\/span>\n\t\t\n\t\t\t\t\t<img alt='author-avatar' src='https:\/\/secure.gravatar.com\/avatar\/7961fb26fec9435a0f78a8ceb4aeae5dbc0f111ade6f4918faa0315cba57e134?s=18&#038;d=mm&#038;r=g' srcset='https:\/\/secure.gravatar.com\/avatar\/7961fb26fec9435a0f78a8ceb4aeae5dbc0f111ade6f4918faa0315cba57e134?s=36&#038;d=mm&#038;r=g 2x' class='avatar avatar-18 photo' height='18' width='18' loading='lazy' decoding='async'\/>\t\t\n\t\t\t\t\t<a href=\"https:\/\/www.niikiis.com\/blog\/author\/adminniikiis\/\" class=\"author\" rel=\"author\">Equipo niikiis<\/a>\n\t\t\t\t\t\t\t\t<\/div>\n\t\t\t\t<div class=\"wd-modified-date\">\n\t\t\t\t\t\t\t<time class=\"updated\" datetime=\"2024-04-02T12:54:47+00:00\">\n\t\t\t2 abril 2024\t\t<\/time>\n\t\t\t\t\t\t<\/div>\n\n\t\t\t\t\t\t\t<\/div>\n\t\t\n\t\t\t\t\t<div class=\"wd-post-thumb entry-header\">\n\t\t\t\t\t\t\t\t\t<div class=\"wd-post-img post-img-wrapp\">\n\t\t\t\t\t\t<img width=\"560\" height=\"315\" src=\"https:\/\/www.niikiis.com\/wp-content\/uploads\/2024\/04\/Podcast-cover-5.png\" class=\"attachment-large size-large\" alt=\"\" decoding=\"async\" loading=\"lazy\" srcset=\"https:\/\/www.niikiis.com\/wp-content\/uploads\/2024\/04\/Podcast-cover-5.png 560w, https:\/\/www.niikiis.com\/wp-content\/uploads\/2024\/04\/Podcast-cover-5-300x169.png 300w\" sizes=\"auto, (max-width: 560px) 100vw, 560px\" \/>\t\t\t\t\t<\/div>\n\t\t\t\t\t\t\t\t\t\t<a class=\"wd-fill\" tabindex=\"-1\" href=\"https:\/\/www.niikiis.com\/blog\/podcast-gestion-de-personal-amado-jimenez\/\" aria-label=\"Link on post #Podcast: Gesti\u00f3n de personal en hosteler\u00eda, con Amado Jim\u00e9nez de Silken Hoteles\"><\/a>\n\t\t\t\t\t\t\t\t\t\t\t\t\t\t\t\t<div class=\"wd-post-date wd-style-with-bg\">\n\t\t\t\t<span class=\"post-date-day\">\n\t\t\t\t\t20\t\t\t\t<\/span>\n\t\t\t\t<span class=\"post-date-month\">\n\t\t\t\t\tMar\t\t\t\t<\/span>\n\t\t\t<\/div>\n\t\t\t\t\t\t\t\t\t<\/div>\n\t\t\n\t\t<div class=\"wd-post-content article-body-container\">\n\t\t\t\t\t\t\t\t\t\t\t\t<div class=\"wd-post-excerpt entry-content\">\n\t\t\t\t\t\tEn este episodio: entrevistamos a Amado Jim\u00e9nez: Director de RRHH, Calidad y Comunicaci\u00f3n en Hoteles Silken.\r\nEl tema fue \"Gesti\u00f3n de personal en hosteler\u00eda: estrategias para captar, atraer y cautivar al talento\".\u00a0Puedes escuchar la entrevista en LinkedIn, YouTube, o tu plataforma de p\u00f3dcast preferida.\t\t\t\t\t<\/div>\n\t\t\t\t\n\t\t\t\t\t\t\t\t\t\t\t\t\t\t<div class=\"wd-post-read-more wd-style-link read-more-section\">\n\t\t\t\t\t\t<a class=\"\" href=\"https:\/\/www.niikiis.com\/blog\/podcast-gestion-de-personal-amado-jimenez\/\">Continue reading<\/a>\t\t\t\t\t<\/div>\n\t\t\t\t\t\t\t\t\t\t\t\n\t\t\t\t\t\t\t<div class=\"wd-share-with-lines\">\n\t\t\t\t\t<span><\/span>\n\t\t\t\t\t\t\t\t\t\t\t\t\t\t<div\n\t\t\t\t\t\tclass=\" wd-social-icons  wd-style-bordered wd-size-small social-share wd-shape-circle text-center\">\n\t\t\t\t\n\t\t\t\t\n\t\t\t\t\t\t\t\t\t<a rel=\"noopener noreferrer nofollow\" href=\"https:\/\/www.facebook.com\/sharer\/sharer.php?u=https:\/\/www.niikiis.com\/blog\/podcast-gestion-de-personal-amado-jimenez\/\" target=\"_blank\" class=\" wd-social-icon social-facebook\" aria-label=\"Facebook social link\">\n\t\t\t\t\t\t<span class=\"wd-icon\"><\/span>\n\t\t\t\t\t\t\t\t\t\t\t<\/a>\n\t\t\t\t\n\t\t\t\t\t\t\t\t\t<a rel=\"noopener noreferrer nofollow\" href=\"https:\/\/x.com\/share?url=https:\/\/www.niikiis.com\/blog\/podcast-gestion-de-personal-amado-jimenez\/\" target=\"_blank\" class=\" wd-social-icon social-twitter\" aria-label=\"X social link\">\n\t\t\t\t\t\t<span class=\"wd-icon\"><\/span>\n\t\t\t\t\t\t\t\t\t\t\t<\/a>\n\t\t\t\t\n\t\t\t\t\n\t\t\t\t\n\t\t\t\t\n\t\t\t\t\n\t\t\t\t\n\t\t\t\t\t\t\t\t\t<a rel=\"noopener noreferrer nofollow\" href=\"https:\/\/pinterest.com\/pin\/create\/button\/?url=https:\/\/www.niikiis.com\/blog\/podcast-gestion-de-personal-amado-jimenez\/&media=https:\/\/www.niikiis.com\/wp-content\/uploads\/2024\/04\/Podcast-cover-5.png&description=%23Podcast%3A+Gesti%C3%B3n+de+personal+en+hosteler%C3%ADa%2C+con+Amado+Jim%C3%A9nez+de+Silken+Hoteles\" target=\"_blank\" class=\" wd-social-icon social-pinterest\" aria-label=\"Pinterest social link\">\n\t\t\t\t\t\t<span class=\"wd-icon\"><\/span>\n\t\t\t\t\t\t\t\t\t\t\t<\/a>\n\t\t\t\t\n\t\t\t\t\n\t\t\t\t\t\t\t\t\t<a rel=\"noopener noreferrer nofollow\" href=\"https:\/\/www.linkedin.com\/shareArticle?mini=true&url=https:\/\/www.niikiis.com\/blog\/podcast-gestion-de-personal-amado-jimenez\/\" target=\"_blank\" class=\" wd-social-icon social-linkedin\" aria-label=\"Linkedin social link\">\n\t\t\t\t\t\t<span class=\"wd-icon\"><\/span>\n\t\t\t\t\t\t\t\t\t\t\t<\/a>\n\t\t\t\t\n\t\t\t\t\n\t\t\t\t\n\t\t\t\t\n\t\t\t\t\n\t\t\t\t\n\t\t\t\t\n\t\t\t\t\n\t\t\t\t\n\t\t\t\t\n\t\t\t\t\n\t\t\t\t\n\t\t\t\t\n\t\t\t\t\n\t\t\t\t\n\t\t\t\t\t\t\t\t\t<a rel=\"noopener noreferrer nofollow\" href=\"https:\/\/telegram.me\/share\/url?url=https:\/\/www.niikiis.com\/blog\/podcast-gestion-de-personal-amado-jimenez\/\" target=\"_blank\" class=\" wd-social-icon social-tg\" aria-label=\"Telegram social link\">\n\t\t\t\t\t\t<span class=\"wd-icon\"><\/span>\n\t\t\t\t\t\t\t\t\t\t\t<\/a>\n\t\t\t\t\n\t\t\t\t\n\t\t\t<\/div>\n\n\t\t\t\t\t\t\t\t\t\t\t\t<span><\/span>\n\t\t\t\t<\/div>\n\t\t\t\t\t<\/div>\n\t<\/div>\n<\/article>\n\n\n\t\t\t\t\t\t\t\t\t\t\t\n<article id=\"post-16516\" class=\"wd-post blog-design-default-alt blog-post-loop blog-style-flat wd-col post-16516 post type-post status-publish format-standard has-post-thumbnail hentry category-podcast\">\n\t<div class=\"wd-post-inner article-inner\">\n\t\t\t\t\t<div class=\"wd-post-cat wd-style-with-bg meta-post-categories\">\n\t\t\t\t<a href=\"https:\/\/www.niikiis.com\/blog\/category\/podcast\/\" rel=\"category tag\">Podcasts con Expertos<\/a>\t\t\t<\/div>\n\t\t\n\t\t\t\t\t<h3 class=\"wd-post-title wd-entities-title title post-title\">\n\t\t\t\t<a href=\"https:\/\/www.niikiis.com\/blog\/podcast-transformacion-digital-hosteleria-luis-fernandez\/\" rel=\"bookmark\">#Podcast: Transformaci\u00f3n digital para la captaci\u00f3n y retenci\u00f3n de equipos<\/a>\n\t\t\t<\/h3>\n\t\t\n\t\t\t\t\t<div class=\"wd-post-meta\">\n\t\t\t\t\t\t\t\t\t\t\t\t<div class=\"wd-post-author\">\n\t\t\t\t\t\t\t\t\t\t<span>Posted by<\/span>\n\t\t\n\t\t\t\t\t<img alt='author-avatar' src='https:\/\/secure.gravatar.com\/avatar\/7961fb26fec9435a0f78a8ceb4aeae5dbc0f111ade6f4918faa0315cba57e134?s=18&#038;d=mm&#038;r=g' srcset='https:\/\/secure.gravatar.com\/avatar\/7961fb26fec9435a0f78a8ceb4aeae5dbc0f111ade6f4918faa0315cba57e134?s=36&#038;d=mm&#038;r=g 2x' class='avatar avatar-18 photo' height='18' width='18' loading='lazy' decoding='async'\/>\t\t\n\t\t\t\t\t<a href=\"https:\/\/www.niikiis.com\/blog\/author\/adminniikiis\/\" class=\"author\" rel=\"author\">Equipo niikiis<\/a>\n\t\t\t\t\t\t\t\t<\/div>\n\t\t\t\t<div class=\"wd-modified-date\">\n\t\t\t\t\t\t\t<time class=\"updated\" datetime=\"2024-03-19T17:01:46+00:00\">\n\t\t\t19 marzo 2024\t\t<\/time>\n\t\t\t\t\t\t<\/div>\n\n\t\t\t\t\t\t\t<\/div>\n\t\t\n\t\t\t\t\t<div class=\"wd-post-thumb entry-header\">\n\t\t\t\t\t\t\t\t\t<div class=\"wd-post-img post-img-wrapp\">\n\t\t\t\t\t\t<img width=\"560\" height=\"315\" src=\"https:\/\/www.niikiis.com\/wp-content\/uploads\/2024\/03\/Podcast-cover-4.png\" class=\"attachment-large size-large\" alt=\"\" decoding=\"async\" loading=\"lazy\" srcset=\"https:\/\/www.niikiis.com\/wp-content\/uploads\/2024\/03\/Podcast-cover-4.png 560w, https:\/\/www.niikiis.com\/wp-content\/uploads\/2024\/03\/Podcast-cover-4-300x169.png 300w\" sizes=\"auto, (max-width: 560px) 100vw, 560px\" \/>\t\t\t\t\t<\/div>\n\t\t\t\t\t\t\t\t\t\t<a class=\"wd-fill\" tabindex=\"-1\" href=\"https:\/\/www.niikiis.com\/blog\/podcast-transformacion-digital-hosteleria-luis-fernandez\/\" aria-label=\"Link on post #Podcast: Transformaci\u00f3n digital para la captaci\u00f3n y retenci\u00f3n de equipos\"><\/a>\n\t\t\t\t\t\t\t\t\t\t\t\t\t\t\t\t<div class=\"wd-post-date wd-style-with-bg\">\n\t\t\t\t<span class=\"post-date-day\">\n\t\t\t\t\t13\t\t\t\t<\/span>\n\t\t\t\t<span class=\"post-date-month\">\n\t\t\t\t\tMar\t\t\t\t<\/span>\n\t\t\t<\/div>\n\t\t\t\t\t\t\t\t\t<\/div>\n\t\t\n\t\t<div class=\"wd-post-content article-body-container\">\n\t\t\t\t\t\t\t\t\t\t\t\t<div class=\"wd-post-excerpt entry-content\">\n\t\t\t\t\t\tEn este episodio: entrevistamos a Luis Fern\u00e1ndez: director del Hotel Casa Lorenzo y delegado de la AEDH en Albacete.\r\nEl tema fue \"Transformaci\u00f3n digital para la captaci\u00f3n y retenci\u00f3n de equipos de trabajo\".\u00a0Puedes escuchar la entrevista en LinkedIn, YouTube, o tu plataforma de p\u00f3dcast preferida.\t\t\t\t\t<\/div>\n\t\t\t\t\n\t\t\t\t\t\t\t\t\t\t\t\t\t\t<div class=\"wd-post-read-more wd-style-link read-more-section\">\n\t\t\t\t\t\t<a class=\"\" href=\"https:\/\/www.niikiis.com\/blog\/podcast-transformacion-digital-hosteleria-luis-fernandez\/\">Continue reading<\/a>\t\t\t\t\t<\/div>\n\t\t\t\t\t\t\t\t\t\t\t\n\t\t\t\t\t\t\t<div class=\"wd-share-with-lines\">\n\t\t\t\t\t<span><\/span>\n\t\t\t\t\t\t\t\t\t\t\t\t\t\t<div\n\t\t\t\t\t\tclass=\" wd-social-icons  wd-style-bordered wd-size-small social-share wd-shape-circle text-center\">\n\t\t\t\t\n\t\t\t\t\n\t\t\t\t\t\t\t\t\t<a rel=\"noopener noreferrer nofollow\" href=\"https:\/\/www.facebook.com\/sharer\/sharer.php?u=https:\/\/www.niikiis.com\/blog\/podcast-transformacion-digital-hosteleria-luis-fernandez\/\" target=\"_blank\" class=\" wd-social-icon social-facebook\" aria-label=\"Facebook social link\">\n\t\t\t\t\t\t<span class=\"wd-icon\"><\/span>\n\t\t\t\t\t\t\t\t\t\t\t<\/a>\n\t\t\t\t\n\t\t\t\t\t\t\t\t\t<a rel=\"noopener noreferrer nofollow\" href=\"https:\/\/x.com\/share?url=https:\/\/www.niikiis.com\/blog\/podcast-transformacion-digital-hosteleria-luis-fernandez\/\" target=\"_blank\" class=\" wd-social-icon social-twitter\" aria-label=\"X social link\">\n\t\t\t\t\t\t<span class=\"wd-icon\"><\/span>\n\t\t\t\t\t\t\t\t\t\t\t<\/a>\n\t\t\t\t\n\t\t\t\t\n\t\t\t\t\n\t\t\t\t\n\t\t\t\t\n\t\t\t\t\n\t\t\t\t\t\t\t\t\t<a rel=\"noopener noreferrer nofollow\" href=\"https:\/\/pinterest.com\/pin\/create\/button\/?url=https:\/\/www.niikiis.com\/blog\/podcast-transformacion-digital-hosteleria-luis-fernandez\/&media=https:\/\/www.niikiis.com\/wp-content\/uploads\/2024\/03\/Podcast-cover-4.png&description=%23Podcast%3A+Transformaci%C3%B3n+digital+para+la+captaci%C3%B3n+y+retenci%C3%B3n+de+equipos\" target=\"_blank\" class=\" wd-social-icon social-pinterest\" aria-label=\"Pinterest social link\">\n\t\t\t\t\t\t<span class=\"wd-icon\"><\/span>\n\t\t\t\t\t\t\t\t\t\t\t<\/a>\n\t\t\t\t\n\t\t\t\t\n\t\t\t\t\t\t\t\t\t<a rel=\"noopener noreferrer nofollow\" href=\"https:\/\/www.linkedin.com\/shareArticle?mini=true&url=https:\/\/www.niikiis.com\/blog\/podcast-transformacion-digital-hosteleria-luis-fernandez\/\" target=\"_blank\" class=\" wd-social-icon social-linkedin\" aria-label=\"Linkedin social link\">\n\t\t\t\t\t\t<span class=\"wd-icon\"><\/span>\n\t\t\t\t\t\t\t\t\t\t\t<\/a>\n\t\t\t\t\n\t\t\t\t\n\t\t\t\t\n\t\t\t\t\n\t\t\t\t\n\t\t\t\t\n\t\t\t\t\n\t\t\t\t\n\t\t\t\t\n\t\t\t\t\n\t\t\t\t\n\t\t\t\t\n\t\t\t\t\n\t\t\t\t\n\t\t\t\t\n\t\t\t\t\t\t\t\t\t<a rel=\"noopener noreferrer nofollow\" href=\"https:\/\/telegram.me\/share\/url?url=https:\/\/www.niikiis.com\/blog\/podcast-transformacion-digital-hosteleria-luis-fernandez\/\" target=\"_blank\" class=\" wd-social-icon social-tg\" aria-label=\"Telegram social link\">\n\t\t\t\t\t\t<span class=\"wd-icon\"><\/span>\n\t\t\t\t\t\t\t\t\t\t\t<\/a>\n\t\t\t\t\n\t\t\t\t\n\t\t\t<\/div>\n\n\t\t\t\t\t\t\t\t\t\t\t\t<span><\/span>\n\t\t\t\t<\/div>\n\t\t\t\t\t<\/div>\n\t<\/div>\n<\/article>\n\n\n\t\t\t\t\t\t\t\t\t\t\t\n<article id=\"post-16497\" class=\"wd-post blog-design-default-alt blog-post-loop blog-style-flat wd-col post-16497 post type-post status-publish format-standard has-post-thumbnail hentry category-podcast\">\n\t<div class=\"wd-post-inner article-inner\">\n\t\t\t\t\t<div class=\"wd-post-cat wd-style-with-bg meta-post-categories\">\n\t\t\t\t<a href=\"https:\/\/www.niikiis.com\/blog\/category\/podcast\/\" rel=\"category tag\">Podcasts con Expertos<\/a>\t\t\t<\/div>\n\t\t\n\t\t\t\t\t<h3 class=\"wd-post-title wd-entities-title title post-title\">\n\t\t\t\t<a href=\"https:\/\/www.niikiis.com\/blog\/podcast-tendencias-hosteleria-enrique-escofet\/\" rel=\"bookmark\">#Podcast: Nuevas tendencias en la gesti\u00f3n de personas en hosteler\u00eda<\/a>\n\t\t\t<\/h3>\n\t\t\n\t\t\t\t\t<div class=\"wd-post-meta\">\n\t\t\t\t\t\t\t\t\t\t\t\t<div class=\"wd-post-author\">\n\t\t\t\t\t\t\t\t\t\t<span>Posted by<\/span>\n\t\t\n\t\t\t\t\t<img alt='author-avatar' src='https:\/\/secure.gravatar.com\/avatar\/7961fb26fec9435a0f78a8ceb4aeae5dbc0f111ade6f4918faa0315cba57e134?s=18&#038;d=mm&#038;r=g' srcset='https:\/\/secure.gravatar.com\/avatar\/7961fb26fec9435a0f78a8ceb4aeae5dbc0f111ade6f4918faa0315cba57e134?s=36&#038;d=mm&#038;r=g 2x' class='avatar avatar-18 photo' height='18' width='18' loading='lazy' decoding='async'\/>\t\t\n\t\t\t\t\t<a href=\"https:\/\/www.niikiis.com\/blog\/author\/adminniikiis\/\" class=\"author\" rel=\"author\">Equipo niikiis<\/a>\n\t\t\t\t\t\t\t\t<\/div>\n\t\t\t\t<div class=\"wd-modified-date\">\n\t\t\t\t\t\t\t<time class=\"updated\" datetime=\"2024-02-28T17:37:49+00:00\">\n\t\t\t28 febrero 2024\t\t<\/time>\n\t\t\t\t\t\t<\/div>\n\n\t\t\t\t\t\t\t<\/div>\n\t\t\n\t\t\t\t\t<div class=\"wd-post-thumb entry-header\">\n\t\t\t\t\t\t\t\t\t<div class=\"wd-post-img post-img-wrapp\">\n\t\t\t\t\t\t<img width=\"560\" height=\"315\" src=\"https:\/\/www.niikiis.com\/wp-content\/uploads\/2024\/02\/Podcast-cover-3.jpg\" class=\"attachment-large size-large\" alt=\"Nuevas tendencias en la gesti\u00f3n de personas en hosteler\u00eda con Enrique Escofet\" decoding=\"async\" loading=\"lazy\" srcset=\"https:\/\/www.niikiis.com\/wp-content\/uploads\/2024\/02\/Podcast-cover-3.jpg 560w, https:\/\/www.niikiis.com\/wp-content\/uploads\/2024\/02\/Podcast-cover-3-300x169.jpg 300w\" sizes=\"auto, (max-width: 560px) 100vw, 560px\" \/>\t\t\t\t\t<\/div>\n\t\t\t\t\t\t\t\t\t\t<a class=\"wd-fill\" tabindex=\"-1\" href=\"https:\/\/www.niikiis.com\/blog\/podcast-tendencias-hosteleria-enrique-escofet\/\" aria-label=\"Link on post #Podcast: Nuevas tendencias en la gesti\u00f3n de personas en hosteler\u00eda\"><\/a>\n\t\t\t\t\t\t\t\t\t\t\t\t\t\t\t\t<div class=\"wd-post-date wd-style-with-bg\">\n\t\t\t\t<span class=\"post-date-day\">\n\t\t\t\t\t28\t\t\t\t<\/span>\n\t\t\t\t<span class=\"post-date-month\">\n\t\t\t\t\tFeb\t\t\t\t<\/span>\n\t\t\t<\/div>\n\t\t\t\t\t\t\t\t\t<\/div>\n\t\t\n\t\t<div class=\"wd-post-content article-body-container\">\n\t\t\t\t\t\t\t\t\t\t\t\t<div class=\"wd-post-excerpt entry-content\">\n\t\t\t\t\t\tEn este episodio: entrevistamos a Enrique Escofet: director general del Hotel Intercontinental Barcelona y miembro del Consejo Asesor de HIP (Hospitality Innovation Planet)\r\nEl tema fue \"Nuevas tendencias en la gesti\u00f3n de personas en hosteler\u00eda\".\u00a0Puedes escuchar la entrevista en LinkedIn, YouTube, o tu plataforma de p\u00f3dcast preferida.\t\t\t\t\t<\/div>\n\t\t\t\t\n\t\t\t\t\t\t\t\t\t\t\t\t\t\t<div class=\"wd-post-read-more wd-style-link read-more-section\">\n\t\t\t\t\t\t<a class=\"\" href=\"https:\/\/www.niikiis.com\/blog\/podcast-tendencias-hosteleria-enrique-escofet\/\">Continue reading<\/a>\t\t\t\t\t<\/div>\n\t\t\t\t\t\t\t\t\t\t\t\n\t\t\t\t\t\t\t<div class=\"wd-share-with-lines\">\n\t\t\t\t\t<span><\/span>\n\t\t\t\t\t\t\t\t\t\t\t\t\t\t<div\n\t\t\t\t\t\tclass=\" wd-social-icons  wd-style-bordered wd-size-small social-share wd-shape-circle text-center\">\n\t\t\t\t\n\t\t\t\t\n\t\t\t\t\t\t\t\t\t<a rel=\"noopener noreferrer nofollow\" href=\"https:\/\/www.facebook.com\/sharer\/sharer.php?u=https:\/\/www.niikiis.com\/blog\/podcast-tendencias-hosteleria-enrique-escofet\/\" target=\"_blank\" class=\" wd-social-icon social-facebook\" aria-label=\"Facebook social link\">\n\t\t\t\t\t\t<span class=\"wd-icon\"><\/span>\n\t\t\t\t\t\t\t\t\t\t\t<\/a>\n\t\t\t\t\n\t\t\t\t\t\t\t\t\t<a rel=\"noopener noreferrer nofollow\" href=\"https:\/\/x.com\/share?url=https:\/\/www.niikiis.com\/blog\/podcast-tendencias-hosteleria-enrique-escofet\/\" target=\"_blank\" class=\" wd-social-icon social-twitter\" aria-label=\"X social link\">\n\t\t\t\t\t\t<span class=\"wd-icon\"><\/span>\n\t\t\t\t\t\t\t\t\t\t\t<\/a>\n\t\t\t\t\n\t\t\t\t\n\t\t\t\t\n\t\t\t\t\n\t\t\t\t\n\t\t\t\t\n\t\t\t\t\t\t\t\t\t<a rel=\"noopener noreferrer nofollow\" href=\"https:\/\/pinterest.com\/pin\/create\/button\/?url=https:\/\/www.niikiis.com\/blog\/podcast-tendencias-hosteleria-enrique-escofet\/&media=https:\/\/www.niikiis.com\/wp-content\/uploads\/2024\/02\/Podcast-cover-3.jpg&description=%23Podcast%3A+Nuevas+tendencias+en+la+gesti%C3%B3n+de+personas+en+hosteler%C3%ADa\" target=\"_blank\" class=\" wd-social-icon social-pinterest\" aria-label=\"Pinterest social link\">\n\t\t\t\t\t\t<span class=\"wd-icon\"><\/span>\n\t\t\t\t\t\t\t\t\t\t\t<\/a>\n\t\t\t\t\n\t\t\t\t\n\t\t\t\t\t\t\t\t\t<a rel=\"noopener noreferrer nofollow\" href=\"https:\/\/www.linkedin.com\/shareArticle?mini=true&url=https:\/\/www.niikiis.com\/blog\/podcast-tendencias-hosteleria-enrique-escofet\/\" target=\"_blank\" class=\" wd-social-icon social-linkedin\" aria-label=\"Linkedin social link\">\n\t\t\t\t\t\t<span class=\"wd-icon\"><\/span>\n\t\t\t\t\t\t\t\t\t\t\t<\/a>\n\t\t\t\t\n\t\t\t\t\n\t\t\t\t\n\t\t\t\t\n\t\t\t\t\n\t\t\t\t\n\t\t\t\t\n\t\t\t\t\n\t\t\t\t\n\t\t\t\t\n\t\t\t\t\n\t\t\t\t\n\t\t\t\t\n\t\t\t\t\n\t\t\t\t\n\t\t\t\t\t\t\t\t\t<a rel=\"noopener noreferrer nofollow\" href=\"https:\/\/telegram.me\/share\/url?url=https:\/\/www.niikiis.com\/blog\/podcast-tendencias-hosteleria-enrique-escofet\/\" target=\"_blank\" class=\" wd-social-icon social-tg\" aria-label=\"Telegram social link\">\n\t\t\t\t\t\t<span class=\"wd-icon\"><\/span>\n\t\t\t\t\t\t\t\t\t\t\t<\/a>\n\t\t\t\t\n\t\t\t\t\n\t\t\t<\/div>\n\n\t\t\t\t\t\t\t\t\t\t\t\t<span><\/span>\n\t\t\t\t<\/div>\n\t\t\t\t\t<\/div>\n\t<\/div>\n<\/article>\n\n\n\t\t\t\t\t\t\t\t\t\t\t\n<article id=\"post-16494\" class=\"wd-post blog-design-default-alt blog-post-loop blog-style-flat wd-col post-16494 post type-post status-publish format-standard has-post-thumbnail hentry category-podcast\">\n\t<div class=\"wd-post-inner article-inner\">\n\t\t\t\t\t<div class=\"wd-post-cat wd-style-with-bg meta-post-categories\">\n\t\t\t\t<a href=\"https:\/\/www.niikiis.com\/blog\/category\/podcast\/\" rel=\"category tag\">Podcasts con Expertos<\/a>\t\t\t<\/div>\n\t\t\n\t\t\t\t\t<h3 class=\"wd-post-title wd-entities-title title post-title\">\n\t\t\t\t<a href=\"https:\/\/www.niikiis.com\/blog\/podcast-compensacion-fidelizacion-hosteleria-guillermo-rademakers\/\" rel=\"bookmark\">#Podcast: Compensaci\u00f3n y fidelizaci\u00f3n de los trabajadores en hosteler\u00eda<\/a>\n\t\t\t<\/h3>\n\t\t\n\t\t\t\t\t<div class=\"wd-post-meta\">\n\t\t\t\t\t\t\t\t\t\t\t\t<div class=\"wd-post-author\">\n\t\t\t\t\t\t\t\t\t\t<span>Posted by<\/span>\n\t\t\n\t\t\t\t\t<img alt='author-avatar' src='https:\/\/secure.gravatar.com\/avatar\/7961fb26fec9435a0f78a8ceb4aeae5dbc0f111ade6f4918faa0315cba57e134?s=18&#038;d=mm&#038;r=g' srcset='https:\/\/secure.gravatar.com\/avatar\/7961fb26fec9435a0f78a8ceb4aeae5dbc0f111ade6f4918faa0315cba57e134?s=36&#038;d=mm&#038;r=g 2x' class='avatar avatar-18 photo' height='18' width='18' loading='lazy' decoding='async'\/>\t\t\n\t\t\t\t\t<a href=\"https:\/\/www.niikiis.com\/blog\/author\/adminniikiis\/\" class=\"author\" rel=\"author\">Equipo niikiis<\/a>\n\t\t\t\t\t\t\t\t<\/div>\n\t\t\t\t<div class=\"wd-modified-date\">\n\t\t\t\t\t\t\t<time class=\"updated\" datetime=\"2024-02-28T17:29:17+00:00\">\n\t\t\t28 febrero 2024\t\t<\/time>\n\t\t\t\t\t\t<\/div>\n\n\t\t\t\t\t\t\t<\/div>\n\t\t\n\t\t\t\t\t<div class=\"wd-post-thumb entry-header\">\n\t\t\t\t\t\t\t\t\t<div class=\"wd-post-img post-img-wrapp\">\n\t\t\t\t\t\t<img width=\"560\" height=\"315\" src=\"https:\/\/www.niikiis.com\/wp-content\/uploads\/2024\/02\/Podcast-cover-2.jpg\" class=\"attachment-large size-large\" alt=\"\" decoding=\"async\" loading=\"lazy\" srcset=\"https:\/\/www.niikiis.com\/wp-content\/uploads\/2024\/02\/Podcast-cover-2.jpg 560w, https:\/\/www.niikiis.com\/wp-content\/uploads\/2024\/02\/Podcast-cover-2-300x169.jpg 300w\" sizes=\"auto, (max-width: 560px) 100vw, 560px\" \/>\t\t\t\t\t<\/div>\n\t\t\t\t\t\t\t\t\t\t<a class=\"wd-fill\" tabindex=\"-1\" href=\"https:\/\/www.niikiis.com\/blog\/podcast-compensacion-fidelizacion-hosteleria-guillermo-rademakers\/\" aria-label=\"Link on post #Podcast: Compensaci\u00f3n y fidelizaci\u00f3n de los trabajadores en hosteler\u00eda\"><\/a>\n\t\t\t\t\t\t\t\t\t\t\t\t\t\t\t\t<div class=\"wd-post-date wd-style-with-bg\">\n\t\t\t\t<span class=\"post-date-day\">\n\t\t\t\t\t15\t\t\t\t<\/span>\n\t\t\t\t<span class=\"post-date-month\">\n\t\t\t\t\tDic\t\t\t\t<\/span>\n\t\t\t<\/div>\n\t\t\t\t\t\t\t\t\t<\/div>\n\t\t\n\t\t<div class=\"wd-post-content article-body-container\">\n\t\t\t\t\t\t\t\t\t\t\t\t<div class=\"wd-post-excerpt entry-content\">\n\t\t\t\t\t\tEn este episodio: entrevistamos a Guillermo Rademakers: VP Total Rewards en Accelya y ex Grupo Pi\u00f1ero.\r\nEl tema fue \"Compensaci\u00f3n y fidelizaci\u00f3n de los trabajadores en hosteler\u00eda\".\u00a0Puedes escuchar la entrevista en LinkedIn, YouTube, o tu plataforma de p\u00f3dcast preferida.\t\t\t\t\t<\/div>\n\t\t\t\t\n\t\t\t\t\t\t\t\t\t\t\t\t\t\t<div class=\"wd-post-read-more wd-style-link read-more-section\">\n\t\t\t\t\t\t<a class=\"\" href=\"https:\/\/www.niikiis.com\/blog\/podcast-compensacion-fidelizacion-hosteleria-guillermo-rademakers\/\">Continue reading<\/a>\t\t\t\t\t<\/div>\n\t\t\t\t\t\t\t\t\t\t\t\n\t\t\t\t\t\t\t<div class=\"wd-share-with-lines\">\n\t\t\t\t\t<span><\/span>\n\t\t\t\t\t\t\t\t\t\t\t\t\t\t<div\n\t\t\t\t\t\tclass=\" wd-social-icons  wd-style-bordered wd-size-small social-share wd-shape-circle text-center\">\n\t\t\t\t\n\t\t\t\t\n\t\t\t\t\t\t\t\t\t<a rel=\"noopener noreferrer nofollow\" href=\"https:\/\/www.facebook.com\/sharer\/sharer.php?u=https:\/\/www.niikiis.com\/blog\/podcast-compensacion-fidelizacion-hosteleria-guillermo-rademakers\/\" target=\"_blank\" class=\" wd-social-icon social-facebook\" aria-label=\"Facebook social link\">\n\t\t\t\t\t\t<span class=\"wd-icon\"><\/span>\n\t\t\t\t\t\t\t\t\t\t\t<\/a>\n\t\t\t\t\n\t\t\t\t\t\t\t\t\t<a rel=\"noopener noreferrer nofollow\" href=\"https:\/\/x.com\/share?url=https:\/\/www.niikiis.com\/blog\/podcast-compensacion-fidelizacion-hosteleria-guillermo-rademakers\/\" target=\"_blank\" class=\" wd-social-icon social-twitter\" aria-label=\"X social link\">\n\t\t\t\t\t\t<span class=\"wd-icon\"><\/span>\n\t\t\t\t\t\t\t\t\t\t\t<\/a>\n\t\t\t\t\n\t\t\t\t\n\t\t\t\t\n\t\t\t\t\n\t\t\t\t\n\t\t\t\t\n\t\t\t\t\t\t\t\t\t<a rel=\"noopener noreferrer nofollow\" href=\"https:\/\/pinterest.com\/pin\/create\/button\/?url=https:\/\/www.niikiis.com\/blog\/podcast-compensacion-fidelizacion-hosteleria-guillermo-rademakers\/&media=https:\/\/www.niikiis.com\/wp-content\/uploads\/2024\/02\/Podcast-cover-2.jpg&description=%23Podcast%3A+Compensaci%C3%B3n+y+fidelizaci%C3%B3n+de+los+trabajadores+en+hosteler%C3%ADa\" target=\"_blank\" class=\" wd-social-icon social-pinterest\" aria-label=\"Pinterest social link\">\n\t\t\t\t\t\t<span class=\"wd-icon\"><\/span>\n\t\t\t\t\t\t\t\t\t\t\t<\/a>\n\t\t\t\t\n\t\t\t\t\n\t\t\t\t\t\t\t\t\t<a rel=\"noopener noreferrer nofollow\" href=\"https:\/\/www.linkedin.com\/shareArticle?mini=true&url=https:\/\/www.niikiis.com\/blog\/podcast-compensacion-fidelizacion-hosteleria-guillermo-rademakers\/\" target=\"_blank\" class=\" wd-social-icon social-linkedin\" aria-label=\"Linkedin social link\">\n\t\t\t\t\t\t<span class=\"wd-icon\"><\/span>\n\t\t\t\t\t\t\t\t\t\t\t<\/a>\n\t\t\t\t\n\t\t\t\t\n\t\t\t\t\n\t\t\t\t\n\t\t\t\t\n\t\t\t\t\n\t\t\t\t\n\t\t\t\t\n\t\t\t\t\n\t\t\t\t\n\t\t\t\t\n\t\t\t\t\n\t\t\t\t\n\t\t\t\t\n\t\t\t\t\n\t\t\t\t\t\t\t\t\t<a rel=\"noopener noreferrer nofollow\" href=\"https:\/\/telegram.me\/share\/url?url=https:\/\/www.niikiis.com\/blog\/podcast-compensacion-fidelizacion-hosteleria-guillermo-rademakers\/\" target=\"_blank\" class=\" wd-social-icon social-tg\" aria-label=\"Telegram social link\">\n\t\t\t\t\t\t<span class=\"wd-icon\"><\/span>\n\t\t\t\t\t\t\t\t\t\t\t<\/a>\n\t\t\t\t\n\t\t\t\t\n\t\t\t<\/div>\n\n\t\t\t\t\t\t\t\t\t\t\t\t<span><\/span>\n\t\t\t\t<\/div>\n\t\t\t\t\t<\/div>\n\t<\/div>\n<\/article>\n\n\n\t\t\t\t\t\t\t\t\t\t\t\n<article id=\"post-16490\" class=\"wd-post blog-design-default-alt blog-post-loop blog-style-flat wd-col post-16490 post type-post status-publish format-standard has-post-thumbnail hentry category-podcast\">\n\t<div class=\"wd-post-inner article-inner\">\n\t\t\t\t\t<div class=\"wd-post-cat wd-style-with-bg meta-post-categories\">\n\t\t\t\t<a href=\"https:\/\/www.niikiis.com\/blog\/category\/podcast\/\" rel=\"category tag\">Podcasts con Expertos<\/a>\t\t\t<\/div>\n\t\t\n\t\t\t\t\t<h3 class=\"wd-post-title wd-entities-title title post-title\">\n\t\t\t\t<a href=\"https:\/\/www.niikiis.com\/blog\/podcast-el-buen-liderazgo-y-amor-por-el-cuidado-de-los-trabajadores-en-hosteleria\/\" rel=\"bookmark\">#Podcast: El buen liderazgo y amor por el cuidado de los trabajadores en hosteler\u00eda<\/a>\n\t\t\t<\/h3>\n\t\t\n\t\t\t\t\t<div class=\"wd-post-meta\">\n\t\t\t\t\t\t\t\t\t\t\t\t<div class=\"wd-post-author\">\n\t\t\t\t\t\t\t\t\t\t<span>Posted by<\/span>\n\t\t\n\t\t\t\t\t<img alt='author-avatar' src='https:\/\/secure.gravatar.com\/avatar\/7961fb26fec9435a0f78a8ceb4aeae5dbc0f111ade6f4918faa0315cba57e134?s=18&#038;d=mm&#038;r=g' srcset='https:\/\/secure.gravatar.com\/avatar\/7961fb26fec9435a0f78a8ceb4aeae5dbc0f111ade6f4918faa0315cba57e134?s=36&#038;d=mm&#038;r=g 2x' class='avatar avatar-18 photo' height='18' width='18' loading='lazy' decoding='async'\/>\t\t\n\t\t\t\t\t<a href=\"https:\/\/www.niikiis.com\/blog\/author\/adminniikiis\/\" class=\"author\" rel=\"author\">Equipo niikiis<\/a>\n\t\t\t\t\t\t\t\t<\/div>\n\t\t\t\t<div class=\"wd-modified-date\">\n\t\t\t\t\t\t\t<time class=\"updated\" datetime=\"2024-02-28T17:14:17+00:00\">\n\t\t\t28 febrero 2024\t\t<\/time>\n\t\t\t\t\t\t<\/div>\n\n\t\t\t\t\t\t\t<\/div>\n\t\t\n\t\t\t\t\t<div class=\"wd-post-thumb entry-header\">\n\t\t\t\t\t\t\t\t\t<div class=\"wd-post-img post-img-wrapp\">\n\t\t\t\t\t\t<img width=\"560\" height=\"315\" src=\"https:\/\/www.niikiis.com\/wp-content\/uploads\/2024\/02\/Podcast-cover-1.jpg\" class=\"attachment-large size-large\" alt=\"\" decoding=\"async\" loading=\"lazy\" srcset=\"https:\/\/www.niikiis.com\/wp-content\/uploads\/2024\/02\/Podcast-cover-1.jpg 560w, https:\/\/www.niikiis.com\/wp-content\/uploads\/2024\/02\/Podcast-cover-1-300x169.jpg 300w\" sizes=\"auto, (max-width: 560px) 100vw, 560px\" \/>\t\t\t\t\t<\/div>\n\t\t\t\t\t\t\t\t\t\t<a class=\"wd-fill\" tabindex=\"-1\" href=\"https:\/\/www.niikiis.com\/blog\/podcast-el-buen-liderazgo-y-amor-por-el-cuidado-de-los-trabajadores-en-hosteleria\/\" aria-label=\"Link on post #Podcast: El buen liderazgo y amor por el cuidado de los trabajadores en hosteler\u00eda\"><\/a>\n\t\t\t\t\t\t\t\t\t\t\t\t\t\t\t\t<div class=\"wd-post-date wd-style-with-bg\">\n\t\t\t\t<span class=\"post-date-day\">\n\t\t\t\t\t17\t\t\t\t<\/span>\n\t\t\t\t<span class=\"post-date-month\">\n\t\t\t\t\tNov\t\t\t\t<\/span>\n\t\t\t<\/div>\n\t\t\t\t\t\t\t\t\t<\/div>\n\t\t\n\t\t<div class=\"wd-post-content article-body-container\">\n\t\t\t\t\t\t\t\t\t\t\t\t<div class=\"wd-post-excerpt entry-content\">\n\t\t\t\t\t\tEn este episodio: entrevistamos a Jaime Chicheri: Creador de la comunidad RevenueKnowmads y del ecosistema de proyectos recogidos en Revenue Management World.\r\nEl tema fue \"El buen liderazgo y el amor por el cuidado de los trabajadores en Hosteler\u00eda\".\u00a0Puedes escuchar la entrevista en LinkedIn, YouTube, o tu plataforma de p\u00f3dcast preferida.\t\t\t\t\t<\/div>\n\t\t\t\t\n\t\t\t\t\t\t\t\t\t\t\t\t\t\t<div class=\"wd-post-read-more wd-style-link read-more-section\">\n\t\t\t\t\t\t<a class=\"\" href=\"https:\/\/www.niikiis.com\/blog\/podcast-el-buen-liderazgo-y-amor-por-el-cuidado-de-los-trabajadores-en-hosteleria\/\">Continue reading<\/a>\t\t\t\t\t<\/div>\n\t\t\t\t\t\t\t\t\t\t\t\n\t\t\t\t\t\t\t<div class=\"wd-share-with-lines\">\n\t\t\t\t\t<span><\/span>\n\t\t\t\t\t\t\t\t\t\t\t\t\t\t<div\n\t\t\t\t\t\tclass=\" wd-social-icons  wd-style-bordered wd-size-small social-share wd-shape-circle text-center\">\n\t\t\t\t\n\t\t\t\t\n\t\t\t\t\t\t\t\t\t<a rel=\"noopener noreferrer nofollow\" href=\"https:\/\/www.facebook.com\/sharer\/sharer.php?u=https:\/\/www.niikiis.com\/blog\/podcast-el-buen-liderazgo-y-amor-por-el-cuidado-de-los-trabajadores-en-hosteleria\/\" target=\"_blank\" class=\" wd-social-icon social-facebook\" aria-label=\"Facebook social link\">\n\t\t\t\t\t\t<span class=\"wd-icon\"><\/span>\n\t\t\t\t\t\t\t\t\t\t\t<\/a>\n\t\t\t\t\n\t\t\t\t\t\t\t\t\t<a rel=\"noopener noreferrer nofollow\" href=\"https:\/\/x.com\/share?url=https:\/\/www.niikiis.com\/blog\/podcast-el-buen-liderazgo-y-amor-por-el-cuidado-de-los-trabajadores-en-hosteleria\/\" target=\"_blank\" class=\" wd-social-icon social-twitter\" aria-label=\"X social link\">\n\t\t\t\t\t\t<span class=\"wd-icon\"><\/span>\n\t\t\t\t\t\t\t\t\t\t\t<\/a>\n\t\t\t\t\n\t\t\t\t\n\t\t\t\t\n\t\t\t\t\n\t\t\t\t\n\t\t\t\t\n\t\t\t\t\t\t\t\t\t<a rel=\"noopener noreferrer nofollow\" href=\"https:\/\/pinterest.com\/pin\/create\/button\/?url=https:\/\/www.niikiis.com\/blog\/podcast-el-buen-liderazgo-y-amor-por-el-cuidado-de-los-trabajadores-en-hosteleria\/&media=https:\/\/www.niikiis.com\/wp-content\/uploads\/2024\/02\/Podcast-cover-1.jpg&description=%23Podcast%3A+El+buen+liderazgo+y+amor+por+el+cuidado+de+los+trabajadores+en+hosteler%C3%ADa\" target=\"_blank\" class=\" wd-social-icon social-pinterest\" aria-label=\"Pinterest social link\">\n\t\t\t\t\t\t<span class=\"wd-icon\"><\/span>\n\t\t\t\t\t\t\t\t\t\t\t<\/a>\n\t\t\t\t\n\t\t\t\t\n\t\t\t\t\t\t\t\t\t<a rel=\"noopener noreferrer nofollow\" href=\"https:\/\/www.linkedin.com\/shareArticle?mini=true&url=https:\/\/www.niikiis.com\/blog\/podcast-el-buen-liderazgo-y-amor-por-el-cuidado-de-los-trabajadores-en-hosteleria\/\" target=\"_blank\" class=\" wd-social-icon social-linkedin\" aria-label=\"Linkedin social link\">\n\t\t\t\t\t\t<span class=\"wd-icon\"><\/span>\n\t\t\t\t\t\t\t\t\t\t\t<\/a>\n\t\t\t\t\n\t\t\t\t\n\t\t\t\t\n\t\t\t\t\n\t\t\t\t\n\t\t\t\t\n\t\t\t\t\n\t\t\t\t\n\t\t\t\t\n\t\t\t\t\n\t\t\t\t\n\t\t\t\t\n\t\t\t\t\n\t\t\t\t\n\t\t\t\t\n\t\t\t\t\t\t\t\t\t<a rel=\"noopener noreferrer nofollow\" href=\"https:\/\/telegram.me\/share\/url?url=https:\/\/www.niikiis.com\/blog\/podcast-el-buen-liderazgo-y-amor-por-el-cuidado-de-los-trabajadores-en-hosteleria\/\" target=\"_blank\" class=\" wd-social-icon social-tg\" aria-label=\"Telegram social link\">\n\t\t\t\t\t\t<span class=\"wd-icon\"><\/span>\n\t\t\t\t\t\t\t\t\t\t\t<\/a>\n\t\t\t\t\n\t\t\t\t\n\t\t\t<\/div>\n\n\t\t\t\t\t\t\t\t\t\t\t\t<span><\/span>\n\t\t\t\t<\/div>\n\t\t\t\t\t<\/div>\n\t<\/div>\n<\/article>\n\n\n\t\t\t\t\t\t\t\t\t\t\t\n<article id=\"post-16356\" class=\"wd-post blog-design-default-alt blog-post-loop blog-style-flat wd-col post-16356 post type-post status-publish format-standard has-post-thumbnail hentry category-podcast\">\n\t<div class=\"wd-post-inner article-inner\">\n\t\t\t\t\t<div class=\"wd-post-cat wd-style-with-bg meta-post-categories\">\n\t\t\t\t<a href=\"https:\/\/www.niikiis.com\/blog\/category\/podcast\/\" rel=\"category tag\">Podcasts con Expertos<\/a>\t\t\t<\/div>\n\t\t\n\t\t\t\t\t<h3 class=\"wd-post-title wd-entities-title title post-title\">\n\t\t\t\t<a href=\"https:\/\/www.niikiis.com\/blog\/podcast-hosteleria-sostenible-gilda-hernandez\/\" rel=\"bookmark\">#Podcast: Hosteler\u00eda sostenible: la tecnolog\u00eda como mejor aliada<\/a>\n\t\t\t<\/h3>\n\t\t\n\t\t\t\t\t<div class=\"wd-post-meta\">\n\t\t\t\t\t\t\t\t\t\t\t\t<div class=\"wd-post-author\">\n\t\t\t\t\t\t\t\t\t\t<span>Posted by<\/span>\n\t\t\n\t\t\t\t\t<img alt='author-avatar' src='https:\/\/secure.gravatar.com\/avatar\/7961fb26fec9435a0f78a8ceb4aeae5dbc0f111ade6f4918faa0315cba57e134?s=18&#038;d=mm&#038;r=g' srcset='https:\/\/secure.gravatar.com\/avatar\/7961fb26fec9435a0f78a8ceb4aeae5dbc0f111ade6f4918faa0315cba57e134?s=36&#038;d=mm&#038;r=g 2x' class='avatar avatar-18 photo' height='18' width='18' loading='lazy' decoding='async'\/>\t\t\n\t\t\t\t\t<a href=\"https:\/\/www.niikiis.com\/blog\/author\/adminniikiis\/\" class=\"author\" rel=\"author\">Equipo niikiis<\/a>\n\t\t\t\t\t\t\t\t<\/div>\n\t\t\t\t<div class=\"wd-modified-date\">\n\t\t\t\t\t\t\t<time class=\"updated\" datetime=\"2023-10-30T10:28:46+00:00\">\n\t\t\t30 octubre 2023\t\t<\/time>\n\t\t\t\t\t\t<\/div>\n\n\t\t\t\t\t\t\t<\/div>\n\t\t\n\t\t\t\t\t<div class=\"wd-post-thumb entry-header\">\n\t\t\t\t\t\t\t\t\t<div class=\"wd-post-img post-img-wrapp\">\n\t\t\t\t\t\t<img width=\"560\" height=\"315\" src=\"https:\/\/www.niikiis.com\/wp-content\/uploads\/2023\/10\/Podcast-cover-3.png\" class=\"attachment-large size-large\" alt=\"\" decoding=\"async\" loading=\"lazy\" srcset=\"https:\/\/www.niikiis.com\/wp-content\/uploads\/2023\/10\/Podcast-cover-3.png 560w, https:\/\/www.niikiis.com\/wp-content\/uploads\/2023\/10\/Podcast-cover-3-300x169.png 300w\" sizes=\"auto, (max-width: 560px) 100vw, 560px\" \/>\t\t\t\t\t<\/div>\n\t\t\t\t\t\t\t\t\t\t<a class=\"wd-fill\" tabindex=\"-1\" href=\"https:\/\/www.niikiis.com\/blog\/podcast-hosteleria-sostenible-gilda-hernandez\/\" aria-label=\"Link on post #Podcast: Hosteler\u00eda sostenible: la tecnolog\u00eda como mejor aliada\"><\/a>\n\t\t\t\t\t\t\t\t\t\t\t\t\t\t\t\t<div class=\"wd-post-date wd-style-with-bg\">\n\t\t\t\t<span class=\"post-date-day\">\n\t\t\t\t\t30\t\t\t\t<\/span>\n\t\t\t\t<span class=\"post-date-month\">\n\t\t\t\t\tOct\t\t\t\t<\/span>\n\t\t\t<\/div>\n\t\t\t\t\t\t\t\t\t<\/div>\n\t\t\n\t\t<div class=\"wd-post-content article-body-container\">\n\t\t\t\t\t\t\t\t\t\t\t\t<div class=\"wd-post-excerpt entry-content\">\n\t\t\t\t\t\tEn este episodio: entrevistamos a\u00a0Gilda Hernandez: Directora del Departamento de Turismo en IQS School of Management, Universitat Ramon Llull.\r\nEn esta entrevista, hablamos sobre qu\u00e9 se considera un hotel y un restaurante sostenible, los beneficios de la sostenibilidad en este sector, el impacto que tiene en la satisfacci\u00f3n del cliente y...\t\t\t\t\t<\/div>\n\t\t\t\t\n\t\t\t\t\t\t\t\t\t\t\t\t\t\t<div class=\"wd-post-read-more wd-style-link read-more-section\">\n\t\t\t\t\t\t<a class=\"\" href=\"https:\/\/www.niikiis.com\/blog\/podcast-hosteleria-sostenible-gilda-hernandez\/\">Continue reading<\/a>\t\t\t\t\t<\/div>\n\t\t\t\t\t\t\t\t\t\t\t\n\t\t\t\t\t\t\t<div class=\"wd-share-with-lines\">\n\t\t\t\t\t<span><\/span>\n\t\t\t\t\t\t\t\t\t\t\t\t\t\t<div\n\t\t\t\t\t\tclass=\" wd-social-icons  wd-style-bordered wd-size-small social-share wd-shape-circle text-center\">\n\t\t\t\t\n\t\t\t\t\n\t\t\t\t\t\t\t\t\t<a rel=\"noopener noreferrer nofollow\" href=\"https:\/\/www.facebook.com\/sharer\/sharer.php?u=https:\/\/www.niikiis.com\/blog\/podcast-hosteleria-sostenible-gilda-hernandez\/\" target=\"_blank\" class=\" wd-social-icon social-facebook\" aria-label=\"Facebook social link\">\n\t\t\t\t\t\t<span class=\"wd-icon\"><\/span>\n\t\t\t\t\t\t\t\t\t\t\t<\/a>\n\t\t\t\t\n\t\t\t\t\t\t\t\t\t<a rel=\"noopener noreferrer nofollow\" href=\"https:\/\/x.com\/share?url=https:\/\/www.niikiis.com\/blog\/podcast-hosteleria-sostenible-gilda-hernandez\/\" target=\"_blank\" class=\" wd-social-icon social-twitter\" aria-label=\"X social link\">\n\t\t\t\t\t\t<span class=\"wd-icon\"><\/span>\n\t\t\t\t\t\t\t\t\t\t\t<\/a>\n\t\t\t\t\n\t\t\t\t\n\t\t\t\t\n\t\t\t\t\n\t\t\t\t\n\t\t\t\t\n\t\t\t\t\t\t\t\t\t<a rel=\"noopener noreferrer nofollow\" href=\"https:\/\/pinterest.com\/pin\/create\/button\/?url=https:\/\/www.niikiis.com\/blog\/podcast-hosteleria-sostenible-gilda-hernandez\/&media=https:\/\/www.niikiis.com\/wp-content\/uploads\/2023\/10\/Podcast-cover-3.png&description=%23Podcast%3A+Hosteler%C3%ADa+sostenible%3A+la+tecnolog%C3%ADa+como+mejor+aliada\" target=\"_blank\" class=\" wd-social-icon social-pinterest\" aria-label=\"Pinterest social link\">\n\t\t\t\t\t\t<span class=\"wd-icon\"><\/span>\n\t\t\t\t\t\t\t\t\t\t\t<\/a>\n\t\t\t\t\n\t\t\t\t\n\t\t\t\t\t\t\t\t\t<a rel=\"noopener noreferrer nofollow\" href=\"https:\/\/www.linkedin.com\/shareArticle?mini=true&url=https:\/\/www.niikiis.com\/blog\/podcast-hosteleria-sostenible-gilda-hernandez\/\" target=\"_blank\" class=\" wd-social-icon social-linkedin\" aria-label=\"Linkedin social link\">\n\t\t\t\t\t\t<span class=\"wd-icon\"><\/span>\n\t\t\t\t\t\t\t\t\t\t\t<\/a>\n\t\t\t\t\n\t\t\t\t\n\t\t\t\t\n\t\t\t\t\n\t\t\t\t\n\t\t\t\t\n\t\t\t\t\n\t\t\t\t\n\t\t\t\t\n\t\t\t\t\n\t\t\t\t\n\t\t\t\t\n\t\t\t\t\n\t\t\t\t\n\t\t\t\t\n\t\t\t\t\t\t\t\t\t<a rel=\"noopener noreferrer nofollow\" href=\"https:\/\/telegram.me\/share\/url?url=https:\/\/www.niikiis.com\/blog\/podcast-hosteleria-sostenible-gilda-hernandez\/\" target=\"_blank\" class=\" wd-social-icon social-tg\" aria-label=\"Telegram social link\">\n\t\t\t\t\t\t<span class=\"wd-icon\"><\/span>\n\t\t\t\t\t\t\t\t\t\t\t<\/a>\n\t\t\t\t\n\t\t\t\t\n\t\t\t<\/div>\n\n\t\t\t\t\t\t\t\t\t\t\t\t<span><\/span>\n\t\t\t\t<\/div>\n\t\t\t\t\t<\/div>\n\t<\/div>\n<\/article>\n\n\n\t\t\t\t\t\n\t\t\t\t\t","status":"have-posts","nextPage":"https:\/\/www.niikiis.com\/blog\/category\/podcast\/page\/3\/?woo_ajax=1","currentPage":"https:\/\/www.niikiis.com\/blog\/category\/podcast\/page\/2"}